{"id":6130,"date":"2022-02-16T23:35:32","date_gmt":"2022-02-16T22:35:32","guid":{"rendered":"http:\/\/commune-loffre.fr\/?p=6130"},"modified":"2022-02-16T23:35:32","modified_gmt":"2022-02-16T22:35:32","slug":"journee-internationale-de-lepilepsie","status":"publish","type":"post","link":"http:\/\/commune-loffre.fr\/index.php\/2022\/02\/16\/journee-internationale-de-lepilepsie\/","title":{"rendered":"Journ\u00e9e internationale de l&rsquo;\u00e9pilepsie"},"content":{"rendered":"\n<p>La Commune de Loffre en Mauve&nbsp;<\/p>\n\n\n\n<p>La Commune de LOFFRE participe \u00e0 la journ\u00e9e internationale de\nl&rsquo;\u00e9pilepsie le lundi 14 f\u00e9vrier 2022.&nbsp;<\/p>\n","protected":false},"excerpt":{"rendered":"<p>La Commune de Loffre en Mauve&nbsp; La Commune de LOFFRE participe \u00e0 la journ\u00e9e internationale de l&rsquo;\u00e9pilepsie le lundi 14 f\u00e9vrier 2022.&nbsp;<\/p>\n","protected":false},"author":1,"featured_media":6131,"comment_status":"closed","ping_status":"closed","sticky":false,"template":"","format":"standard","meta":{"footnotes":""},"categories":[1],"tags":[],"_links":{"self":[{"href":"http:\/\/commune-loffre.fr\/index.php\/wp-json\/wp\/v2\/posts\/6130"}],"collection":[{"href":"http:\/\/commune-loffre.fr\/index.php\/wp-json\/wp\/v2\/posts"}],"about":[{"href":"http:\/\/commune-loffre.fr\/index.php\/wp-json\/wp\/v2\/types\/post"}],"author":[{"embeddable":true,"href":"http:\/\/commune-loffre.fr\/index.php\/wp-json\/wp\/v2\/users\/1"}],"replies":[{"embeddable":true,"href":"http:\/\/commune-loffre.fr\/index.php\/wp-json\/wp\/v2\/comments?post=6130"}],"version-history":[{"count":1,"href":"http:\/\/commune-loffre.fr\/index.php\/wp-json\/wp\/v2\/posts\/6130\/revisions"}],"predecessor-version":[{"id":6132,"href":"http:\/\/commune-loffre.fr\/index.php\/wp-json\/wp\/v2\/posts\/6130\/revisions\/6132"}],"wp:featuredmedia":[{"embeddable":true,"href":"http:\/\/commune-loffre.fr\/index.php\/wp-json\/wp\/v2\/media\/6131"}],"wp:attachment":[{"href":"http:\/\/commune-loffre.fr\/index.php\/wp-json\/wp\/v2\/media?parent=6130"}],"wp:term":[{"taxonomy":"category","embeddable":true,"href":"http:\/\/commune-loffre.fr\/index.php\/wp-json\/wp\/v2\/categories?post=6130"},{"taxonomy":"post_tag","embeddable":true,"href":"http:\/\/commune-loffre.fr\/index.php\/wp-json\/wp\/v2\/tags?post=6130"}],"curies":[{"name":"wp","href":"https:\/\/api.w.org\/{rel}","templated":true}]}}