{"id":6110,"date":"2022-01-30T16:06:57","date_gmt":"2022-01-30T15:06:57","guid":{"rendered":"http:\/\/commune-loffre.fr\/?p=6110"},"modified":"2022-02-16T23:33:45","modified_gmt":"2022-02-16T22:33:45","slug":"maisons-illuminees","status":"publish","type":"post","link":"http:\/\/commune-loffre.fr\/index.php\/2022\/01\/30\/maisons-illuminees\/","title":{"rendered":"Maisons illumin\u00e9es"},"content":{"rendered":"\n<p>Le samedi 29 janvier 2022, le comit\u00e9 des f\u00eates a tenu \u00e0\nr\u00e9compenser les participants au premier concours des maisons illumin\u00e9es durant\nles f\u00eates de fin d&rsquo;ann\u00e9e. Sept inscrits ont \u00e9t\u00e9 enregistr\u00e9s. Les membres du\ncomit\u00e9 ont n\u00e9anmoins rep\u00e9r\u00e9 44 maisons illumin\u00e9es dans le village. C&rsquo;est Eline\nLeroy de la rue St Jean qui a remport\u00e9 le concours. Mais les sept participants\nont \u00e9t\u00e9 r\u00e9compens\u00e9s avec une illumination qui viendra compl\u00e9ter leur\ninstallation pour le prochain concours. Un participant non inscrit de la rue\ndes moines a re\u00e7u \u00e9galement un lot pour son effort de d\u00e9coration.&nbsp;<\/p>\n\n\n\n<p>Le pr\u00e9sident du comit\u00e9 des f\u00eates. Monsieur Fr\u00e9d\u00e9ric Viremouneix\u00a0 a remerci\u00e9 tous les participants et les a encourag\u00e9s \u00e0 renouveler leurs d\u00e9coration en fin d&rsquo;ann\u00e9e.\u00a0<\/p>\n\n\n\n<p>La c\u00e9r\u00e9monie s&rsquo;est achev\u00e9e par le pot de l&rsquo;amiti\u00e9, \u00e0\nl&rsquo;ext\u00e9rieur, en respectant les gestes barri\u00e8res.&nbsp;<\/p>\n\n\n\n<figure class=\"wp-block-image\"><img loading=\"lazy\" decoding=\"async\" width=\"1000\" height=\"750\" src=\"http:\/\/commune-loffre.fr\/wp-content\/uploads\/2022\/01\/IMG_20220129_101739_resized_20220130_025156159.jpg\" alt=\"\" class=\"wp-image-6111\" srcset=\"http:\/\/commune-loffre.fr\/wp-content\/uploads\/2022\/01\/IMG_20220129_101739_resized_20220130_025156159.jpg 1000w, http:\/\/commune-loffre.fr\/wp-content\/uploads\/2022\/01\/IMG_20220129_101739_resized_20220130_025156159-300x225.jpg 300w, http:\/\/commune-loffre.fr\/wp-content\/uploads\/2022\/01\/IMG_20220129_101739_resized_20220130_025156159-768x576.jpg 768w, http:\/\/commune-loffre.fr\/wp-content\/uploads\/2022\/01\/IMG_20220129_101739_resized_20220130_025156159-624x468.jpg 624w, http:\/\/commune-loffre.fr\/wp-content\/uploads\/2022\/01\/IMG_20220129_101739_resized_20220130_025156159-240x180.jpg 240w\" sizes=\"(max-width: 1000px) 100vw, 1000px\" \/><\/figure>\n","protected":false},"excerpt":{"rendered":"<p>Le samedi 29 janvier 2022, le comit\u00e9 des f\u00eates a tenu \u00e0 r\u00e9compenser les participants au premier concours des maisons illumin\u00e9es durant les f\u00eates de fin d&rsquo;ann\u00e9e. Sept inscrits ont&#8230; <a href=\"http:\/\/commune-loffre.fr\/index.php\/2022\/01\/30\/maisons-illuminees\/\">Read more &raquo;<\/a><\/p>\n","protected":false},"author":1,"featured_media":6111,"comment_status":"closed","ping_status":"closed","sticky":false,"template":"","format":"standard","meta":{"footnotes":""},"categories":[1],"tags":[],"_links":{"self":[{"href":"http:\/\/commune-loffre.fr\/index.php\/wp-json\/wp\/v2\/posts\/6110"}],"collection":[{"href":"http:\/\/commune-loffre.fr\/index.php\/wp-json\/wp\/v2\/posts"}],"about":[{"href":"http:\/\/commune-loffre.fr\/index.php\/wp-json\/wp\/v2\/types\/post"}],"author":[{"embeddable":true,"href":"http:\/\/commune-loffre.fr\/index.php\/wp-json\/wp\/v2\/users\/1"}],"replies":[{"embeddable":true,"href":"http:\/\/commune-loffre.fr\/index.php\/wp-json\/wp\/v2\/comments?post=6110"}],"version-history":[{"count":2,"href":"http:\/\/commune-loffre.fr\/index.php\/wp-json\/wp\/v2\/posts\/6110\/revisions"}],"predecessor-version":[{"id":6129,"href":"http:\/\/commune-loffre.fr\/index.php\/wp-json\/wp\/v2\/posts\/6110\/revisions\/6129"}],"wp:featuredmedia":[{"embeddable":true,"href":"http:\/\/commune-loffre.fr\/index.php\/wp-json\/wp\/v2\/media\/6111"}],"wp:attachment":[{"href":"http:\/\/commune-loffre.fr\/index.php\/wp-json\/wp\/v2\/media?parent=6110"}],"wp:term":[{"taxonomy":"category","embeddable":true,"href":"http:\/\/commune-loffre.fr\/index.php\/wp-json\/wp\/v2\/categories?post=6110"},{"taxonomy":"post_tag","embeddable":true,"href":"http:\/\/commune-loffre.fr\/index.php\/wp-json\/wp\/v2\/tags?post=6110"}],"curies":[{"name":"wp","href":"https:\/\/api.w.org\/{rel}","templated":true}]}}