{"id":6029,"date":"2022-01-16T20:26:24","date_gmt":"2022-01-16T19:26:24","guid":{"rendered":"http:\/\/commune-loffre.fr\/?p=6029"},"modified":"2022-01-16T20:32:59","modified_gmt":"2022-01-16T19:32:59","slug":"operation-poules-regionales","status":"publish","type":"post","link":"http:\/\/commune-loffre.fr\/index.php\/2022\/01\/16\/operation-poules-regionales\/","title":{"rendered":"Op\u00e9ration Poules R\u00e9gionales"},"content":{"rendered":"\n<figure class=\"wp-block-image\"><img loading=\"lazy\" decoding=\"async\" width=\"724\" height=\"1024\" src=\"http:\/\/commune-loffre.fr\/wp-content\/uploads\/2022\/01\/Bon-de-commande-Op\u00e9ration-Poule-2022-_BD-724x1024.jpg\" alt=\"\" class=\"wp-image-6033\" srcset=\"http:\/\/commune-loffre.fr\/wp-content\/uploads\/2022\/01\/Bon-de-commande-Op\u00e9ration-Poule-2022-_BD-724x1024.jpg 724w, http:\/\/commune-loffre.fr\/wp-content\/uploads\/2022\/01\/Bon-de-commande-Op\u00e9ration-Poule-2022-_BD-212x300.jpg 212w, http:\/\/commune-loffre.fr\/wp-content\/uploads\/2022\/01\/Bon-de-commande-Op\u00e9ration-Poule-2022-_BD-768x1086.jpg 768w, http:\/\/commune-loffre.fr\/wp-content\/uploads\/2022\/01\/Bon-de-commande-Op\u00e9ration-Poule-2022-_BD-624x882.jpg 624w, http:\/\/commune-loffre.fr\/wp-content\/uploads\/2022\/01\/Bon-de-commande-Op\u00e9ration-Poule-2022-_BD.jpg 1654w\" sizes=\"(max-width: 724px) 100vw, 724px\" \/><\/figure>\n\n\n\n<p><strong>LE SIAVED VOUS\nINFORME<\/strong><\/p>\n\n\n\n<p><strong>L&rsquo;OP\u00c9RATION POULES R\u00c9GIONALES est de retour sur la communaute DE COMMUNES\nc\u0153ur D\u2019OSTREVENT<\/strong><\/p>\n\n\n\n<p>Vous souhaitez\nadopter deux poules&nbsp;? Valoriser vos d\u00e9chets de cuisine et de jardin&nbsp;?\nAvoir de bons \u0153ufs frais tous les matins&nbsp;? Contribuer \u00e0 la sauvegarde des\nraces locales&nbsp;? Alors l\u2019op\u00e9ration \u00ab&nbsp;Poules R\u00e9gionales&nbsp;\u00bb est\nfaite pour vous. Cette ann\u00e9e, le SIAVED propose \u00e0 au moins 500 foyers de la\nCommunaut\u00e9 de Communes C\u0153ur d\u2019Ostrevent d\u2019adopter deux poules de races\nr\u00e9gionales moyennant la somme de 5 euros. <\/p>\n\n\n\n<p><strong>4 races locales \u00e0 sauvegarder <\/strong>ont \u00e9t\u00e9 s\u00e9lectionn\u00e9es\npar le SIAVED en lien avec le Centre R\u00e9gional des Ressources G\u00e9n\u00e9tiques(CRRG)&nbsp;et\nla ferme avicole Bauduin de Rosult :<\/p>\n\n\n\n<ul><li><strong>La Coucou des Flandres<\/strong>&nbsp;: race tr\u00e8s\nancienne et tr\u00e8s rustique qui convient particuli\u00e8rement au climat de la r\u00e9gion,\n\u00e9levage facile, croissance rapide et excellente pondeuse.<\/li><li><strong>La Poule d\u2019Estaires<\/strong>&nbsp;: poule de ferme originaire des\nFlandres Fran\u00e7aises, race rustique pr\u00e9coce, excellente chair et bonne couveuse.<\/li><\/ul>\n\n\n\n<ul><li><strong>La Poule d\u2019Hergnies<\/strong>&nbsp;: volaille\n\u00e9l\u00e9gante, elle se fait remarquer par l\u2019ampleur de sa cr\u00eate simple, droite et\nbien dentel\u00e9e. Pr\u00e9coce et excellente pondeuse, elle peut atteindre 250 \u0153ufs par\nan. Particuli\u00e8rement adapt\u00e9e aux grands terrains. Aime se percher.<\/li><\/ul>\n\n\n\n<ul><li><strong>La Poule de Bourbourg<\/strong>&nbsp;: cette race tr\u00e8s\ncompromise par la guerre a \u00e9t\u00e9 reconstitu\u00e9e. Elle est tr\u00e8s rustique, bonne\ncouveuse, tr\u00e8s appr\u00e9ci\u00e9e pour sa chair et ses \u0153ufs. <\/li><\/ul>\n\n\n\n<p><strong>Pourquoi adopter des poules ?<\/strong><\/p>\n\n\n\n<ul><li><strong>Valoriser ses d\u00e9chets<\/strong>&nbsp;: une poule mange jusqu&rsquo;\u00e0\n     150kg de d\u00e9chets de cuisine et de jardin chaque ann\u00e9e ;<\/li><li><strong>Contribuer \u00e0 la sauvegarde\n     d&rsquo;esp\u00e8ces de notre r\u00e9gion<\/strong>, dont les qualit\u00e9s sont appr\u00e9ciables et dont les\n     effectifs sont limit\u00e9s ;<\/li><li>Les\n     poules fournissent chaque jour des <strong>\u0153ufs<\/strong>\n     frais. L\u2019\u0153uf est un aliment riche en prot\u00e9ines et permet de r\u00e9aliser de\n     bons petits plats \u00e0 moindre co\u00fbt ;<\/li><li>Les <strong>enfants<\/strong> aiment s\u2019occuper des poules et\n     ramasser leurs \u0153ufs. Ces activit\u00e9s les responsabilisent. <\/li><\/ul>\n\n\n\n<p><strong>Comment y participer&nbsp;?<\/strong><\/p>\n\n\n\n<p>Si vous souhaitez participer\n\u00e0 cette op\u00e9ration et que vous habitez l\u2019une des communes participantes, nous\nvous invitons \u00e0 compl\u00e9ter le bon de commande disponible sur le site internet du\nSIAVED (<a href=\"http:\/\/www.siaved.fr\">www.siaved.fr<\/a>) ou en mairie. La\ndate limite d\u2019inscription est fix\u00e9e au&nbsp;&nbsp;&nbsp;&nbsp;&nbsp;&nbsp;&nbsp;&nbsp;&nbsp;&nbsp;&nbsp;&nbsp;&nbsp;&nbsp;&nbsp;&nbsp; &nbsp;<strong>vendredi 15 avril 2022.<\/strong> La\nremise des poules se fera \u00e0 la mi-mai 2022.<\/p>\n\n\n\n<p>Pour plus d\u2019informations :<\/p>\n\n\n\n<p>Service Sensibilisation et Pr\u00e9vention des D\u00e9chets &#8211; mail <a href=\"mailto:prevention@siaved.fr\">prevention@siaved.fr<\/a> \u2013 <\/p>\n\n\n\n<p><strong>09.70.19.21.70<\/strong><strong><\/strong><\/p>\n","protected":false},"excerpt":{"rendered":"<p>LE SIAVED VOUS INFORME L&rsquo;OP\u00c9RATION POULES R\u00c9GIONALES est de retour sur la communaute DE COMMUNES c\u0153ur D\u2019OSTREVENT Vous souhaitez adopter deux poules&nbsp;? Valoriser vos d\u00e9chets de cuisine et de jardin&nbsp;?&#8230; <a href=\"http:\/\/commune-loffre.fr\/index.php\/2022\/01\/16\/operation-poules-regionales\/\">Read more &raquo;<\/a><\/p>\n","protected":false},"author":1,"featured_media":6030,"comment_status":"closed","ping_status":"closed","sticky":false,"template":"","format":"standard","meta":{"footnotes":""},"categories":[1],"tags":[],"_links":{"self":[{"href":"http:\/\/commune-loffre.fr\/index.php\/wp-json\/wp\/v2\/posts\/6029"}],"collection":[{"href":"http:\/\/commune-loffre.fr\/index.php\/wp-json\/wp\/v2\/posts"}],"about":[{"href":"http:\/\/commune-loffre.fr\/index.php\/wp-json\/wp\/v2\/types\/post"}],"author":[{"embeddable":true,"href":"http:\/\/commune-loffre.fr\/index.php\/wp-json\/wp\/v2\/users\/1"}],"replies":[{"embeddable":true,"href":"http:\/\/commune-loffre.fr\/index.php\/wp-json\/wp\/v2\/comments?post=6029"}],"version-history":[{"count":2,"href":"http:\/\/commune-loffre.fr\/index.php\/wp-json\/wp\/v2\/posts\/6029\/revisions"}],"predecessor-version":[{"id":6034,"href":"http:\/\/commune-loffre.fr\/index.php\/wp-json\/wp\/v2\/posts\/6029\/revisions\/6034"}],"wp:featuredmedia":[{"embeddable":true,"href":"http:\/\/commune-loffre.fr\/index.php\/wp-json\/wp\/v2\/media\/6030"}],"wp:attachment":[{"href":"http:\/\/commune-loffre.fr\/index.php\/wp-json\/wp\/v2\/media?parent=6029"}],"wp:term":[{"taxonomy":"category","embeddable":true,"href":"http:\/\/commune-loffre.fr\/index.php\/wp-json\/wp\/v2\/categories?post=6029"},{"taxonomy":"post_tag","embeddable":true,"href":"http:\/\/commune-loffre.fr\/index.php\/wp-json\/wp\/v2\/tags?post=6029"}],"curies":[{"name":"wp","href":"https:\/\/api.w.org\/{rel}","templated":true}]}}