{"id":5997,"date":"2022-01-03T08:41:12","date_gmt":"2022-01-03T07:41:12","guid":{"rendered":"http:\/\/commune-loffre.fr\/?p=5997"},"modified":"2022-01-03T08:41:12","modified_gmt":"2022-01-03T07:41:12","slug":"recyclage-des-sapins","status":"publish","type":"post","link":"http:\/\/commune-loffre.fr\/index.php\/2022\/01\/03\/recyclage-des-sapins\/","title":{"rendered":"Recyclage des sapins"},"content":{"rendered":"\n<p>Vous vous demandez ce que vous allez faire de votre sapin de No\u00ebl ? Pensez au recyclage ! C\u2019est la 1\u00e8re bonne r\u00e9solution de l\u2019ann\u00e9e !<br>\nPour cela, le Comit\u00e9 des F\u00eates et le service technique de la commune mettent en place un point de collecte du 2 au 9 janvier 2022 :<\/p>\n\n\n\n<figure class=\"wp-block-image\"><img loading=\"lazy\" decoding=\"async\" width=\"733\" height=\"1024\" src=\"http:\/\/commune-loffre.fr\/wp-content\/uploads\/2022\/01\/270216824_436951841407052_1452104468012107398_n-1-733x1024.jpg\" alt=\"\" class=\"wp-image-5999\" srcset=\"http:\/\/commune-loffre.fr\/wp-content\/uploads\/2022\/01\/270216824_436951841407052_1452104468012107398_n-1-733x1024.jpg 733w, http:\/\/commune-loffre.fr\/wp-content\/uploads\/2022\/01\/270216824_436951841407052_1452104468012107398_n-1-215x300.jpg 215w, http:\/\/commune-loffre.fr\/wp-content\/uploads\/2022\/01\/270216824_436951841407052_1452104468012107398_n-1-768x1073.jpg 768w, http:\/\/commune-loffre.fr\/wp-content\/uploads\/2022\/01\/270216824_436951841407052_1452104468012107398_n-1-624x871.jpg 624w, http:\/\/commune-loffre.fr\/wp-content\/uploads\/2022\/01\/270216824_436951841407052_1452104468012107398_n-1.jpg 1170w\" sizes=\"(max-width: 733px) 100vw, 733px\" \/><\/figure>\n\n\n\n<blockquote class=\"wp-block-quote\"><p>Stade de Foot<br>\n  (dans l\u2019enclos d\u00e9limit\u00e9 par les barri\u00e8res m\u00e9talliques)<\/p><\/blockquote>\n\n\n\n<p>Attention<br>\nSEULS les sapins NATURELS sont accept\u00e9s. Ils doivent \u00eatre NON FLOQU\u00c9S, NON D\u00c9COR\u00c9S et SANS POT<\/p>\n","protected":false},"excerpt":{"rendered":"<p>Vous vous demandez ce que vous allez faire de votre sapin de No\u00ebl ? Pensez au recyclage ! C\u2019est la 1\u00e8re bonne r\u00e9solution de l\u2019ann\u00e9e ! Pour cela, le Comit\u00e9&#8230; <a href=\"http:\/\/commune-loffre.fr\/index.php\/2022\/01\/03\/recyclage-des-sapins\/\">Read more &raquo;<\/a><\/p>\n","protected":false},"author":1,"featured_media":5998,"comment_status":"closed","ping_status":"closed","sticky":false,"template":"","format":"standard","meta":{"footnotes":""},"categories":[1],"tags":[],"_links":{"self":[{"href":"http:\/\/commune-loffre.fr\/index.php\/wp-json\/wp\/v2\/posts\/5997"}],"collection":[{"href":"http:\/\/commune-loffre.fr\/index.php\/wp-json\/wp\/v2\/posts"}],"about":[{"href":"http:\/\/commune-loffre.fr\/index.php\/wp-json\/wp\/v2\/types\/post"}],"author":[{"embeddable":true,"href":"http:\/\/commune-loffre.fr\/index.php\/wp-json\/wp\/v2\/users\/1"}],"replies":[{"embeddable":true,"href":"http:\/\/commune-loffre.fr\/index.php\/wp-json\/wp\/v2\/comments?post=5997"}],"version-history":[{"count":1,"href":"http:\/\/commune-loffre.fr\/index.php\/wp-json\/wp\/v2\/posts\/5997\/revisions"}],"predecessor-version":[{"id":6000,"href":"http:\/\/commune-loffre.fr\/index.php\/wp-json\/wp\/v2\/posts\/5997\/revisions\/6000"}],"wp:featuredmedia":[{"embeddable":true,"href":"http:\/\/commune-loffre.fr\/index.php\/wp-json\/wp\/v2\/media\/5998"}],"wp:attachment":[{"href":"http:\/\/commune-loffre.fr\/index.php\/wp-json\/wp\/v2\/media?parent=5997"}],"wp:term":[{"taxonomy":"category","embeddable":true,"href":"http:\/\/commune-loffre.fr\/index.php\/wp-json\/wp\/v2\/categories?post=5997"},{"taxonomy":"post_tag","embeddable":true,"href":"http:\/\/commune-loffre.fr\/index.php\/wp-json\/wp\/v2\/tags?post=5997"}],"curies":[{"name":"wp","href":"https:\/\/api.w.org\/{rel}","templated":true}]}}