{"id":5987,"date":"2021-12-13T22:31:44","date_gmt":"2021-12-13T21:31:44","guid":{"rendered":"http:\/\/commune-loffre.fr\/?p=5987"},"modified":"2021-12-13T22:32:58","modified_gmt":"2021-12-13T21:32:58","slug":"repas-des-aines-4","status":"publish","type":"post","link":"http:\/\/commune-loffre.fr\/index.php\/2021\/12\/13\/repas-des-aines-4\/","title":{"rendered":"Repas des Ain\u00e9s"},"content":{"rendered":"\n<p><strong>Ce dimanche 05 d\u00e9cembre a\neu lieu le traditionnel repas des a\u00een\u00e9s. <\/strong><\/p>\n\n\n\n<p>La crise du Covid-19 et l&rsquo;aggravation de\nla situation sanitaire ces derni\u00e8res semaines ont amen\u00e9 le Conseil Municipal \u00e0\nprendre la d\u00e9cision de maintenir le rendez-vous tr\u00e8s attendu du repas des ain\u00e9s\nmais avec un respect strict des gestes barri\u00e8res et de distanciation<\/p>\n\n\n\n<p>\u00c9ric GOUY, Maire et Sylvie LARIVIERE\nadjointe aux Affaires Sociales ont d\u00e9clin\u00e9 d\u00e8s l\u2019arriv\u00e9e des convives les\npr\u00e9cautions prises et les gestes \u00e0 respecter. <\/p>\n\n\n\n<p>Au fur et \u00e0 mesure de la journ\u00e9e, chacun\ns\u2019est montr\u00e9 ravi de partager ce moment de convivialit\u00e9. <\/p>\n\n\n\n<p>Jenny J. et son accord\u00e9on ont fait chanter\net danser (avec le masque) nos dynamiques ain\u00e9s jusqu\u2019au d\u00e9but de la\nnuit&nbsp;!<\/p>\n\n\n\n<ul class=\"wp-block-gallery columns-3 is-cropped wp-block-gallery-1 is-layout-flex wp-block-gallery-is-layout-flex\"><li class=\"blocks-gallery-item\"><figure><img loading=\"lazy\" decoding=\"async\" width=\"640\" height=\"480\" src=\"http:\/\/commune-loffre.fr\/wp-content\/uploads\/2021\/12\/IMG_3871.jpg\" alt=\"\" data-id=\"5988\" data-link=\"http:\/\/commune-loffre.fr\/?attachment_id=5988\" class=\"wp-image-5988\" srcset=\"http:\/\/commune-loffre.fr\/wp-content\/uploads\/2021\/12\/IMG_3871.jpg 640w, http:\/\/commune-loffre.fr\/wp-content\/uploads\/2021\/12\/IMG_3871-300x225.jpg 300w, http:\/\/commune-loffre.fr\/wp-content\/uploads\/2021\/12\/IMG_3871-624x468.jpg 624w, http:\/\/commune-loffre.fr\/wp-content\/uploads\/2021\/12\/IMG_3871-240x180.jpg 240w\" sizes=\"(max-width: 640px) 100vw, 640px\" \/><\/figure><\/li><li class=\"blocks-gallery-item\"><figure><img loading=\"lazy\" decoding=\"async\" width=\"640\" height=\"480\" src=\"http:\/\/commune-loffre.fr\/wp-content\/uploads\/2021\/12\/IMG_3864.jpg\" alt=\"\" data-id=\"5989\" data-link=\"http:\/\/commune-loffre.fr\/?attachment_id=5989\" class=\"wp-image-5989\" srcset=\"http:\/\/commune-loffre.fr\/wp-content\/uploads\/2021\/12\/IMG_3864.jpg 640w, http:\/\/commune-loffre.fr\/wp-content\/uploads\/2021\/12\/IMG_3864-300x225.jpg 300w, http:\/\/commune-loffre.fr\/wp-content\/uploads\/2021\/12\/IMG_3864-624x468.jpg 624w, http:\/\/commune-loffre.fr\/wp-content\/uploads\/2021\/12\/IMG_3864-240x180.jpg 240w\" sizes=\"(max-width: 640px) 100vw, 640px\" \/><\/figure><\/li><li class=\"blocks-gallery-item\"><figure><img loading=\"lazy\" decoding=\"async\" width=\"640\" height=\"480\" src=\"http:\/\/commune-loffre.fr\/wp-content\/uploads\/2021\/12\/IMG_3812.jpg\" alt=\"\" data-id=\"5990\" data-link=\"http:\/\/commune-loffre.fr\/?attachment_id=5990\" class=\"wp-image-5990\" srcset=\"http:\/\/commune-loffre.fr\/wp-content\/uploads\/2021\/12\/IMG_3812.jpg 640w, http:\/\/commune-loffre.fr\/wp-content\/uploads\/2021\/12\/IMG_3812-300x225.jpg 300w, http:\/\/commune-loffre.fr\/wp-content\/uploads\/2021\/12\/IMG_3812-624x468.jpg 624w, http:\/\/commune-loffre.fr\/wp-content\/uploads\/2021\/12\/IMG_3812-240x180.jpg 240w\" sizes=\"(max-width: 640px) 100vw, 640px\" \/><\/figure><\/li><li class=\"blocks-gallery-item\"><figure><img loading=\"lazy\" decoding=\"async\" width=\"640\" height=\"480\" src=\"http:\/\/commune-loffre.fr\/wp-content\/uploads\/2021\/12\/IMG_3807.jpg\" alt=\"\" data-id=\"5991\" data-link=\"http:\/\/commune-loffre.fr\/?attachment_id=5991\" class=\"wp-image-5991\" srcset=\"http:\/\/commune-loffre.fr\/wp-content\/uploads\/2021\/12\/IMG_3807.jpg 640w, http:\/\/commune-loffre.fr\/wp-content\/uploads\/2021\/12\/IMG_3807-300x225.jpg 300w, http:\/\/commune-loffre.fr\/wp-content\/uploads\/2021\/12\/IMG_3807-624x468.jpg 624w, http:\/\/commune-loffre.fr\/wp-content\/uploads\/2021\/12\/IMG_3807-240x180.jpg 240w\" sizes=\"(max-width: 640px) 100vw, 640px\" \/><\/figure><\/li><\/ul>\n","protected":false},"excerpt":{"rendered":"<p>Ce dimanche 05 d\u00e9cembre a eu lieu le traditionnel repas des a\u00een\u00e9s. La crise du Covid-19 et l&rsquo;aggravation de la situation sanitaire ces derni\u00e8res semaines ont amen\u00e9 le Conseil Municipal&#8230; <a href=\"http:\/\/commune-loffre.fr\/index.php\/2021\/12\/13\/repas-des-aines-4\/\">Read more &raquo;<\/a><\/p>\n","protected":false},"author":1,"featured_media":5989,"comment_status":"closed","ping_status":"closed","sticky":false,"template":"","format":"standard","meta":{"footnotes":""},"categories":[1],"tags":[],"_links":{"self":[{"href":"http:\/\/commune-loffre.fr\/index.php\/wp-json\/wp\/v2\/posts\/5987"}],"collection":[{"href":"http:\/\/commune-loffre.fr\/index.php\/wp-json\/wp\/v2\/posts"}],"about":[{"href":"http:\/\/commune-loffre.fr\/index.php\/wp-json\/wp\/v2\/types\/post"}],"author":[{"embeddable":true,"href":"http:\/\/commune-loffre.fr\/index.php\/wp-json\/wp\/v2\/users\/1"}],"replies":[{"embeddable":true,"href":"http:\/\/commune-loffre.fr\/index.php\/wp-json\/wp\/v2\/comments?post=5987"}],"version-history":[{"count":1,"href":"http:\/\/commune-loffre.fr\/index.php\/wp-json\/wp\/v2\/posts\/5987\/revisions"}],"predecessor-version":[{"id":5992,"href":"http:\/\/commune-loffre.fr\/index.php\/wp-json\/wp\/v2\/posts\/5987\/revisions\/5992"}],"wp:featuredmedia":[{"embeddable":true,"href":"http:\/\/commune-loffre.fr\/index.php\/wp-json\/wp\/v2\/media\/5989"}],"wp:attachment":[{"href":"http:\/\/commune-loffre.fr\/index.php\/wp-json\/wp\/v2\/media?parent=5987"}],"wp:term":[{"taxonomy":"category","embeddable":true,"href":"http:\/\/commune-loffre.fr\/index.php\/wp-json\/wp\/v2\/categories?post=5987"},{"taxonomy":"post_tag","embeddable":true,"href":"http:\/\/commune-loffre.fr\/index.php\/wp-json\/wp\/v2\/tags?post=5987"}],"curies":[{"name":"wp","href":"https:\/\/api.w.org\/{rel}","templated":true}]}}