{"id":5961,"date":"2021-11-21T20:03:14","date_gmt":"2021-11-21T19:03:14","guid":{"rendered":"http:\/\/commune-loffre.fr\/?p=5961"},"modified":"2021-11-21T20:18:19","modified_gmt":"2021-11-21T19:18:19","slug":"11-novembre","status":"publish","type":"post","link":"http:\/\/commune-loffre.fr\/index.php\/2021\/11\/21\/11-novembre\/","title":{"rendered":"11 Novembre"},"content":{"rendered":"\n<p>Un public nombreux est venu assister \u00e0 la c\u00e9r\u00e9monie du 11\nnovembre, c\u00e9l\u00e9bration de l armistice du 11 novembre 1918. Le d\u00e9fil\u00e9 jusqu&rsquo;au\nmonument aux morts a r\u00e9uni la population, les associations, les enfants du\nvillage, le personnel communal, les enseignants de l&rsquo;\u00e9cole, les anciens\ncombatants, le conseil municipal et l harmonie de Frais Marais. Ont suivi un\nd\u00e9p\u00f4t de gerbe, l&rsquo;allocution de Monsieur le Maire \u00c9ric Gouy, l&rsquo;appel aux morts\npar les enfants et le l\u00e2cher de pigeons.&nbsp;<\/p>\n\n\n\n<p>Monsieur le maire a ensuite remis le dipl\u00f4me de la m\u00e9daille\nd&rsquo;honneur du travail \u00e0 monsieur LUCZAK Patrick .&nbsp;<\/p>\n\n\n\n<p>Le lieutenant colonel Herv\u00e9 Plaisant a enfin remis la croix\ndu combattant au r\u00e9cipiendaire JUSZCAK Yannick (opex Bosnie Herz\u00e9govine).&nbsp;\n\nUn vin d&rsquo;honneur a cl\u00f4tur\u00e9 la c\u00e9r\u00e9monie.&nbsp;\n\n\n\n<\/p>\n\n\n\n<ul class=\"wp-block-gallery columns-2 is-cropped wp-block-gallery-1 is-layout-flex wp-block-gallery-is-layout-flex\"><li class=\"blocks-gallery-item\"><figure><img loading=\"lazy\" decoding=\"async\" width=\"949\" height=\"711\" src=\"http:\/\/commune-loffre.fr\/wp-content\/uploads\/2021\/11\/IMG_20211121_201256.jpg\" alt=\"\" data-id=\"5972\" data-link=\"http:\/\/commune-loffre.fr\/index.php\/2021\/11\/21\/11-novembre\/img_20211121_201256\/\" class=\"wp-image-5972\" srcset=\"http:\/\/commune-loffre.fr\/wp-content\/uploads\/2021\/11\/IMG_20211121_201256.jpg 949w, http:\/\/commune-loffre.fr\/wp-content\/uploads\/2021\/11\/IMG_20211121_201256-300x225.jpg 300w, http:\/\/commune-loffre.fr\/wp-content\/uploads\/2021\/11\/IMG_20211121_201256-768x575.jpg 768w, http:\/\/commune-loffre.fr\/wp-content\/uploads\/2021\/11\/IMG_20211121_201256-624x468.jpg 624w, http:\/\/commune-loffre.fr\/wp-content\/uploads\/2021\/11\/IMG_20211121_201256-240x180.jpg 240w\" sizes=\"(max-width: 949px) 100vw, 949px\" \/><\/figure><\/li><li class=\"blocks-gallery-item\"><figure><img loading=\"lazy\" decoding=\"async\" width=\"949\" height=\"711\" src=\"http:\/\/commune-loffre.fr\/wp-content\/uploads\/2021\/11\/IMG_20211121_201306.jpg\" alt=\"\" data-id=\"5973\" data-link=\"http:\/\/commune-loffre.fr\/index.php\/2021\/11\/21\/11-novembre\/img_20211121_201306\/\" class=\"wp-image-5973\" srcset=\"http:\/\/commune-loffre.fr\/wp-content\/uploads\/2021\/11\/IMG_20211121_201306.jpg 949w, http:\/\/commune-loffre.fr\/wp-content\/uploads\/2021\/11\/IMG_20211121_201306-300x225.jpg 300w, http:\/\/commune-loffre.fr\/wp-content\/uploads\/2021\/11\/IMG_20211121_201306-768x575.jpg 768w, http:\/\/commune-loffre.fr\/wp-content\/uploads\/2021\/11\/IMG_20211121_201306-624x468.jpg 624w, http:\/\/commune-loffre.fr\/wp-content\/uploads\/2021\/11\/IMG_20211121_201306-240x180.jpg 240w\" sizes=\"(max-width: 949px) 100vw, 949px\" \/><\/figure><\/li><\/ul>\n","protected":false},"excerpt":{"rendered":"<p>Un public nombreux est venu assister \u00e0 la c\u00e9r\u00e9monie du 11 novembre, c\u00e9l\u00e9bration de l armistice du 11 novembre 1918. Le d\u00e9fil\u00e9 jusqu&rsquo;au monument aux morts a r\u00e9uni la population,&#8230; <a href=\"http:\/\/commune-loffre.fr\/index.php\/2021\/11\/21\/11-novembre\/\">Read more &raquo;<\/a><\/p>\n","protected":false},"author":1,"featured_media":5972,"comment_status":"closed","ping_status":"closed","sticky":false,"template":"","format":"standard","meta":{"footnotes":""},"categories":[1],"tags":[],"_links":{"self":[{"href":"http:\/\/commune-loffre.fr\/index.php\/wp-json\/wp\/v2\/posts\/5961"}],"collection":[{"href":"http:\/\/commune-loffre.fr\/index.php\/wp-json\/wp\/v2\/posts"}],"about":[{"href":"http:\/\/commune-loffre.fr\/index.php\/wp-json\/wp\/v2\/types\/post"}],"author":[{"embeddable":true,"href":"http:\/\/commune-loffre.fr\/index.php\/wp-json\/wp\/v2\/users\/1"}],"replies":[{"embeddable":true,"href":"http:\/\/commune-loffre.fr\/index.php\/wp-json\/wp\/v2\/comments?post=5961"}],"version-history":[{"count":2,"href":"http:\/\/commune-loffre.fr\/index.php\/wp-json\/wp\/v2\/posts\/5961\/revisions"}],"predecessor-version":[{"id":5974,"href":"http:\/\/commune-loffre.fr\/index.php\/wp-json\/wp\/v2\/posts\/5961\/revisions\/5974"}],"wp:featuredmedia":[{"embeddable":true,"href":"http:\/\/commune-loffre.fr\/index.php\/wp-json\/wp\/v2\/media\/5972"}],"wp:attachment":[{"href":"http:\/\/commune-loffre.fr\/index.php\/wp-json\/wp\/v2\/media?parent=5961"}],"wp:term":[{"taxonomy":"category","embeddable":true,"href":"http:\/\/commune-loffre.fr\/index.php\/wp-json\/wp\/v2\/categories?post=5961"},{"taxonomy":"post_tag","embeddable":true,"href":"http:\/\/commune-loffre.fr\/index.php\/wp-json\/wp\/v2\/tags?post=5961"}],"curies":[{"name":"wp","href":"https:\/\/api.w.org\/{rel}","templated":true}]}}