{"id":5940,"date":"2021-11-10T20:04:02","date_gmt":"2021-11-10T19:04:02","guid":{"rendered":"http:\/\/commune-loffre.fr\/?p=5940"},"modified":"2021-11-10T20:04:02","modified_gmt":"2021-11-10T19:04:02","slug":"operabus-2","status":"publish","type":"post","link":"http:\/\/commune-loffre.fr\/index.php\/2021\/11\/10\/operabus-2\/","title":{"rendered":"Op\u00e9raBus"},"content":{"rendered":"\n<p>Vendredi 22\noctobre 2021, l&rsquo;Op\u00e9rabus s&rsquo;est arr\u00eat\u00e9 \u00e0 Loffre pour deux repr\u00e9sentations en\nfaveur des \u00e9l\u00e8ves de l&rsquo;\u00e9cole Henri Matisse (tous \u00e9bahis par le spectacle) et\ndeux repr\u00e9sentations ouvertes \u00e0 tous. Un reportage exclusif a \u00e9t\u00e9 r\u00e9alis\u00e9 par\nMyl\u00e8ne Primas\u00e9e. Ce projet embl\u00e9matique de mobilit\u00e9 pour la R\u00e9gion\nHauts-de-France a \u00e9t\u00e9 choisi parmi 170 projets. Ce fut un r\u00e9el plaisir de\nd\u00e9couvrir ce spectacle. Petits et grands ont appr\u00e9ci\u00e9. Un grand merci aux\nartistes, \u00e0 Madame Sylvie Larivi\u00e8re, 1\u00e8re adjointe&nbsp; et \u00e0 son \u00e9quipe de\nchoc pour l&rsquo;organisation. BRAVO<\/p>\n\n\n\n<ul class=\"wp-block-gallery columns-3 is-cropped wp-block-gallery-1 is-layout-flex wp-block-gallery-is-layout-flex\"><li class=\"blocks-gallery-item\"><figure><img loading=\"lazy\" decoding=\"async\" width=\"750\" height=\"422\" src=\"http:\/\/commune-loffre.fr\/wp-content\/uploads\/2021\/11\/FB_IMG_1634973747246.jpg\" alt=\"\" data-id=\"5941\" data-link=\"http:\/\/commune-loffre.fr\/?attachment_id=5941\" class=\"wp-image-5941\" srcset=\"http:\/\/commune-loffre.fr\/wp-content\/uploads\/2021\/11\/FB_IMG_1634973747246.jpg 750w, http:\/\/commune-loffre.fr\/wp-content\/uploads\/2021\/11\/FB_IMG_1634973747246-300x169.jpg 300w, http:\/\/commune-loffre.fr\/wp-content\/uploads\/2021\/11\/FB_IMG_1634973747246-624x351.jpg 624w\" sizes=\"(max-width: 750px) 100vw, 750px\" \/><\/figure><\/li><li class=\"blocks-gallery-item\"><figure><img loading=\"lazy\" decoding=\"async\" width=\"1024\" height=\"768\" src=\"http:\/\/commune-loffre.fr\/wp-content\/uploads\/2021\/11\/IMG_20211022_184618-1024x768.jpg\" alt=\"\" data-id=\"5942\" data-link=\"http:\/\/commune-loffre.fr\/?attachment_id=5942\" class=\"wp-image-5942\" srcset=\"http:\/\/commune-loffre.fr\/wp-content\/uploads\/2021\/11\/IMG_20211022_184618-1024x768.jpg 1024w, http:\/\/commune-loffre.fr\/wp-content\/uploads\/2021\/11\/IMG_20211022_184618-300x225.jpg 300w, http:\/\/commune-loffre.fr\/wp-content\/uploads\/2021\/11\/IMG_20211022_184618-768x576.jpg 768w, http:\/\/commune-loffre.fr\/wp-content\/uploads\/2021\/11\/IMG_20211022_184618-624x468.jpg 624w, http:\/\/commune-loffre.fr\/wp-content\/uploads\/2021\/11\/IMG_20211022_184618-240x180.jpg 240w\" sizes=\"(max-width: 1024px) 100vw, 1024px\" \/><\/figure><\/li><li class=\"blocks-gallery-item\"><figure><img loading=\"lazy\" decoding=\"async\" width=\"1024\" height=\"768\" src=\"http:\/\/commune-loffre.fr\/wp-content\/uploads\/2021\/11\/IMG_20211022_184521-1024x768.jpg\" alt=\"\" data-id=\"5943\" data-link=\"http:\/\/commune-loffre.fr\/?attachment_id=5943\" class=\"wp-image-5943\" srcset=\"http:\/\/commune-loffre.fr\/wp-content\/uploads\/2021\/11\/IMG_20211022_184521-1024x768.jpg 1024w, http:\/\/commune-loffre.fr\/wp-content\/uploads\/2021\/11\/IMG_20211022_184521-300x225.jpg 300w, http:\/\/commune-loffre.fr\/wp-content\/uploads\/2021\/11\/IMG_20211022_184521-768x576.jpg 768w, http:\/\/commune-loffre.fr\/wp-content\/uploads\/2021\/11\/IMG_20211022_184521-624x468.jpg 624w, http:\/\/commune-loffre.fr\/wp-content\/uploads\/2021\/11\/IMG_20211022_184521-240x180.jpg 240w\" sizes=\"(max-width: 1024px) 100vw, 1024px\" \/><\/figure><\/li><li class=\"blocks-gallery-item\"><figure><img loading=\"lazy\" decoding=\"async\" width=\"1024\" height=\"768\" src=\"http:\/\/commune-loffre.fr\/wp-content\/uploads\/2021\/11\/IMG_20211022_184518-1024x768.jpg\" alt=\"\" data-id=\"5944\" data-link=\"http:\/\/commune-loffre.fr\/?attachment_id=5944\" class=\"wp-image-5944\" srcset=\"http:\/\/commune-loffre.fr\/wp-content\/uploads\/2021\/11\/IMG_20211022_184518-1024x768.jpg 1024w, http:\/\/commune-loffre.fr\/wp-content\/uploads\/2021\/11\/IMG_20211022_184518-300x225.jpg 300w, http:\/\/commune-loffre.fr\/wp-content\/uploads\/2021\/11\/IMG_20211022_184518-768x576.jpg 768w, http:\/\/commune-loffre.fr\/wp-content\/uploads\/2021\/11\/IMG_20211022_184518-624x468.jpg 624w, http:\/\/commune-loffre.fr\/wp-content\/uploads\/2021\/11\/IMG_20211022_184518-240x180.jpg 240w\" sizes=\"(max-width: 1024px) 100vw, 1024px\" \/><\/figure><\/li><li class=\"blocks-gallery-item\"><figure><img loading=\"lazy\" decoding=\"async\" width=\"1024\" height=\"768\" src=\"http:\/\/commune-loffre.fr\/wp-content\/uploads\/2021\/11\/IMG_20211022_184210-1024x768.jpg\" alt=\"\" data-id=\"5945\" data-link=\"http:\/\/commune-loffre.fr\/?attachment_id=5945\" class=\"wp-image-5945\" srcset=\"http:\/\/commune-loffre.fr\/wp-content\/uploads\/2021\/11\/IMG_20211022_184210-1024x768.jpg 1024w, http:\/\/commune-loffre.fr\/wp-content\/uploads\/2021\/11\/IMG_20211022_184210-300x225.jpg 300w, http:\/\/commune-loffre.fr\/wp-content\/uploads\/2021\/11\/IMG_20211022_184210-768x576.jpg 768w, http:\/\/commune-loffre.fr\/wp-content\/uploads\/2021\/11\/IMG_20211022_184210-624x468.jpg 624w, http:\/\/commune-loffre.fr\/wp-content\/uploads\/2021\/11\/IMG_20211022_184210-240x180.jpg 240w\" sizes=\"(max-width: 1024px) 100vw, 1024px\" \/><\/figure><\/li><\/ul>\n","protected":false},"excerpt":{"rendered":"<p>Vendredi 22 octobre 2021, l&rsquo;Op\u00e9rabus s&rsquo;est arr\u00eat\u00e9 \u00e0 Loffre pour deux repr\u00e9sentations en faveur des \u00e9l\u00e8ves de l&rsquo;\u00e9cole Henri Matisse (tous \u00e9bahis par le spectacle) et deux repr\u00e9sentations ouvertes \u00e0&#8230; <a href=\"http:\/\/commune-loffre.fr\/index.php\/2021\/11\/10\/operabus-2\/\">Read more &raquo;<\/a><\/p>\n","protected":false},"author":1,"featured_media":5943,"comment_status":"closed","ping_status":"closed","sticky":false,"template":"","format":"standard","meta":{"footnotes":""},"categories":[1],"tags":[],"_links":{"self":[{"href":"http:\/\/commune-loffre.fr\/index.php\/wp-json\/wp\/v2\/posts\/5940"}],"collection":[{"href":"http:\/\/commune-loffre.fr\/index.php\/wp-json\/wp\/v2\/posts"}],"about":[{"href":"http:\/\/commune-loffre.fr\/index.php\/wp-json\/wp\/v2\/types\/post"}],"author":[{"embeddable":true,"href":"http:\/\/commune-loffre.fr\/index.php\/wp-json\/wp\/v2\/users\/1"}],"replies":[{"embeddable":true,"href":"http:\/\/commune-loffre.fr\/index.php\/wp-json\/wp\/v2\/comments?post=5940"}],"version-history":[{"count":1,"href":"http:\/\/commune-loffre.fr\/index.php\/wp-json\/wp\/v2\/posts\/5940\/revisions"}],"predecessor-version":[{"id":5946,"href":"http:\/\/commune-loffre.fr\/index.php\/wp-json\/wp\/v2\/posts\/5940\/revisions\/5946"}],"wp:featuredmedia":[{"embeddable":true,"href":"http:\/\/commune-loffre.fr\/index.php\/wp-json\/wp\/v2\/media\/5943"}],"wp:attachment":[{"href":"http:\/\/commune-loffre.fr\/index.php\/wp-json\/wp\/v2\/media?parent=5940"}],"wp:term":[{"taxonomy":"category","embeddable":true,"href":"http:\/\/commune-loffre.fr\/index.php\/wp-json\/wp\/v2\/categories?post=5940"},{"taxonomy":"post_tag","embeddable":true,"href":"http:\/\/commune-loffre.fr\/index.php\/wp-json\/wp\/v2\/tags?post=5940"}],"curies":[{"name":"wp","href":"https:\/\/api.w.org\/{rel}","templated":true}]}}