{"id":593,"date":"2016-05-27T14:46:52","date_gmt":"2016-05-27T13:46:52","guid":{"rendered":"http:\/\/commune-loffre.fr\/?p=593"},"modified":"2016-05-27T14:54:55","modified_gmt":"2016-05-27T13:54:55","slug":"reunion-de-la-commission-extra-communale-des-fetes","status":"publish","type":"post","link":"http:\/\/commune-loffre.fr\/index.php\/2016\/05\/27\/reunion-de-la-commission-extra-communale-des-fetes\/","title":{"rendered":"R\u00e9union de la commission extra-communale des f\u00eates"},"content":{"rendered":"<p><strong>Pr\u00e9paratifs de la f\u00eate du village.<\/strong><\/p>\n<p>En ce lundi 23 mai 2016 Monsieur Bruno MUNDT avait r\u00e9uni la commission pour pr\u00e9parer plus pr\u00e9cis\u00e9ment l\u2019organisation de la f\u00eate du village des 27 et 28 ao\u00fbt 2016.\u00a0 Particip\u00e9s \u00e0 cette r\u00e9union Monsieur le Maire, des membres du conseil municipal et l\u2019ensemble des associations du village. A ce titre, il convient de souligner l\u2019implication de nos associations dans l\u2019organisation de la f\u00eate du village.<\/p>\n\n\t\t<style type=\"text\/css\">\n\t\t\t#gallery-1 {\n\t\t\t\tmargin: auto;\n\t\t\t}\n\t\t\t#gallery-1 .gallery-item {\n\t\t\t\tfloat: left;\n\t\t\t\tmargin-top: 10px;\n\t\t\t\ttext-align: center;\n\t\t\t\twidth: 20%;\n\t\t\t}\n\t\t\t#gallery-1 img {\n\t\t\t\tborder: 2px solid #cfcfcf;\n\t\t\t}\n\t\t\t#gallery-1 .gallery-caption {\n\t\t\t\tmargin-left: 0;\n\t\t\t}\n\t\t\t\/* see gallery_shortcode() in wp-includes\/media.php *\/\n\t\t<\/style>\n\t\t<div id='gallery-1' class='gallery galleryid-593 gallery-columns-5 gallery-size-thumbnail'><dl class='gallery-item'>\n\t\t\t<dt class='gallery-icon landscape'>\n\t\t\t\t<a href='http:\/\/commune-loffre.fr\/index.php\/event\/reunion-de-la-commission-extra-communale-des-fetes\/olympus-digital-camera-35\/'><img loading=\"lazy\" decoding=\"async\" width=\"150\" height=\"150\" src=\"http:\/\/commune-loffre.fr\/wp-content\/uploads\/2016\/05\/Commission-EC-des-fetes-1-150x150.jpg\" class=\"attachment-thumbnail size-thumbnail\" alt=\"\" aria-describedby=\"gallery-1-597\" srcset=\"http:\/\/commune-loffre.fr\/wp-content\/uploads\/2016\/05\/Commission-EC-des-fetes-1-150x150.jpg 150w, http:\/\/commune-loffre.fr\/wp-content\/uploads\/2016\/05\/Commission-EC-des-fetes-1-180x180.jpg 180w, http:\/\/commune-loffre.fr\/wp-content\/uploads\/2016\/05\/Commission-EC-des-fetes-1-60x60.jpg 60w\" sizes=\"(max-width: 150px) 100vw, 150px\" \/><\/a>\n\t\t\t<\/dt>\n\t\t\t\t<dd class='wp-caption-text gallery-caption' id='gallery-1-597'>\n\t\t\t\tCommission EC des f\u00eates\n\t\t\t\t<\/dd><\/dl><dl class='gallery-item'>\n\t\t\t<dt class='gallery-icon landscape'>\n\t\t\t\t<a href='http:\/\/commune-loffre.fr\/index.php\/event\/reunion-de-la-commission-extra-communale-des-fetes\/olympus-digital-camera-36\/'><img loading=\"lazy\" decoding=\"async\" width=\"150\" height=\"150\" src=\"http:\/\/commune-loffre.fr\/wp-content\/uploads\/2016\/05\/Commission-EC-des-fetes-2-150x150.jpg\" class=\"attachment-thumbnail size-thumbnail\" alt=\"\" srcset=\"http:\/\/commune-loffre.fr\/wp-content\/uploads\/2016\/05\/Commission-EC-des-fetes-2-150x150.jpg 150w, http:\/\/commune-loffre.fr\/wp-content\/uploads\/2016\/05\/Commission-EC-des-fetes-2-180x180.jpg 180w, http:\/\/commune-loffre.fr\/wp-content\/uploads\/2016\/05\/Commission-EC-des-fetes-2-60x60.jpg 60w\" sizes=\"(max-width: 150px) 100vw, 150px\" \/><\/a>\n\t\t\t<\/dt><\/dl><dl class='gallery-item'>\n\t\t\t<dt class='gallery-icon landscape'>\n\t\t\t\t<a href='http:\/\/commune-loffre.fr\/index.php\/event\/reunion-de-la-commission-extra-communale-des-fetes\/olympus-digital-camera-37\/'><img loading=\"lazy\" decoding=\"async\" width=\"150\" height=\"150\" src=\"http:\/\/commune-loffre.fr\/wp-content\/uploads\/2016\/05\/Commission-EC-des-fetes-3-150x150.jpg\" class=\"attachment-thumbnail size-thumbnail\" alt=\"\" srcset=\"http:\/\/commune-loffre.fr\/wp-content\/uploads\/2016\/05\/Commission-EC-des-fetes-3-150x150.jpg 150w, http:\/\/commune-loffre.fr\/wp-content\/uploads\/2016\/05\/Commission-EC-des-fetes-3-180x180.jpg 180w, http:\/\/commune-loffre.fr\/wp-content\/uploads\/2016\/05\/Commission-EC-des-fetes-3-60x60.jpg 60w\" sizes=\"(max-width: 150px) 100vw, 150px\" \/><\/a>\n\t\t\t<\/dt><\/dl><dl class='gallery-item'>\n\t\t\t<dt class='gallery-icon landscape'>\n\t\t\t\t<a href='http:\/\/commune-loffre.fr\/index.php\/event\/reunion-de-la-commission-extra-communale-des-fetes\/olympus-digital-camera-38\/'><img loading=\"lazy\" decoding=\"async\" width=\"150\" height=\"150\" src=\"http:\/\/commune-loffre.fr\/wp-content\/uploads\/2016\/05\/Commission-EC-des-fetes-4-150x150.jpg\" class=\"attachment-thumbnail size-thumbnail\" alt=\"\" srcset=\"http:\/\/commune-loffre.fr\/wp-content\/uploads\/2016\/05\/Commission-EC-des-fetes-4-150x150.jpg 150w, http:\/\/commune-loffre.fr\/wp-content\/uploads\/2016\/05\/Commission-EC-des-fetes-4-180x180.jpg 180w, http:\/\/commune-loffre.fr\/wp-content\/uploads\/2016\/05\/Commission-EC-des-fetes-4-60x60.jpg 60w\" sizes=\"(max-width: 150px) 100vw, 150px\" \/><\/a>\n\t\t\t<\/dt><\/dl><dl class='gallery-item'>\n\t\t\t<dt class='gallery-icon landscape'>\n\t\t\t\t<a href='http:\/\/commune-loffre.fr\/index.php\/event\/reunion-de-la-commission-extra-communale-des-fetes\/olympus-digital-camera-39\/'><img loading=\"lazy\" decoding=\"async\" width=\"150\" height=\"150\" src=\"http:\/\/commune-loffre.fr\/wp-content\/uploads\/2016\/05\/Commission-EC-des-fetes-5-150x150.jpg\" class=\"attachment-thumbnail size-thumbnail\" alt=\"\" srcset=\"http:\/\/commune-loffre.fr\/wp-content\/uploads\/2016\/05\/Commission-EC-des-fetes-5-150x150.jpg 150w, http:\/\/commune-loffre.fr\/wp-content\/uploads\/2016\/05\/Commission-EC-des-fetes-5-180x180.jpg 180w, http:\/\/commune-loffre.fr\/wp-content\/uploads\/2016\/05\/Commission-EC-des-fetes-5-60x60.jpg 60w\" sizes=\"(max-width: 150px) 100vw, 150px\" \/><\/a>\n\t\t\t<\/dt><\/dl><br style=\"clear: both\" \/>\n\t\t<\/div>\n\n<p>Cette r\u00e9union a donc permis la pr\u00e9paration des festivit\u00e9s du village durant ce weekend qui d\u00e9buteront par son inauguration le samedi \u00e0 12 h 00 \u00e0 la salle polyvalente, puis vers 14 h 30 un rallye p\u00e9destre familiale (sur inscription) sera organis\u00e9 dans notre village. Sur le parcours il y aura des \u00e9preuves de jeux, de quizz. Par ailleurs, un tournoi de belote sera organis\u00e9 au foyer rural. Ensuite vers 19 h 00 d\u00e9butera la soir\u00e9e avec un repas dansant. Il est pr\u00e9vu un couscous dont le tarif devrait \u00eatre fix\u00e9 \u00e0 11 \u20ac pour les adultes et 5 \u20ac pour les enfants.<\/p>\n<p>Le dimanche matin se d\u00e9roulera dans notre village la brocante. Des permanences pour les inscriptions seront mises en \u0153uvre\u00a0:<\/p>\n<p>Pour les loffriens r\u00e9servant devant chez eux\u00a0: le 23 juin en mairie de 18 h \u00e0 20 h et le\u00a025 juin en mairie de 10 h \u00e0 12 h.<\/p>\n<p>Pour les loffriens ne r\u00e9servant pas devant chez eux\u00a0: le 04 juillet en mairie de 18 h \u00e0 20 h et le 9 juillet de 10 h \u00e0 12 h.<\/p>\n<p>Pour les ext\u00e9rieurs\u00a0: le 23 juillet et le 06 ao\u00fbt en mairie de 10 h \u00e0 12 h et le 25 ao\u00fbt de 18 h 00 \u00e0 20 h 00.<\/p>\n<p>Les tarifs sont identiques \u00e0 l\u2019ann\u00e9e derni\u00e8re.<\/p>\n<p>Durant la brocante, une exposition de vieux tracteurs sera \u00e9galement organis\u00e9e.<\/p>\n<p>Enfin, pour cl\u00f4turer ce weekend, vous pourrez assister \u00e0 un match de football au stade municipal \u00e0 15 h00.<\/p>\n<p>Des circulaires seront distribu\u00e9es dans le village pour confirmer les jours et horaires de r\u00e9servations pour la brocante, du repas dansant et le programme des festivit\u00e9s.<\/p>\n<p>La municipalit\u00e9 remercie une nouvelle fois les associations du village pour leur participation active \u00e0 cet \u00e9v\u00e8nement.<\/p>\n","protected":false},"excerpt":{"rendered":"<p>Pr\u00e9paratifs de la f\u00eate du village. En ce lundi 23 mai 2016 Monsieur Bruno MUNDT avait r\u00e9uni la commission pour pr\u00e9parer plus pr\u00e9cis\u00e9ment l\u2019organisation de la f\u00eate du village des&#8230; <a href=\"http:\/\/commune-loffre.fr\/index.php\/2016\/05\/27\/reunion-de-la-commission-extra-communale-des-fetes\/\">Read more &raquo;<\/a><\/p>\n","protected":false},"author":1,"featured_media":0,"comment_status":"closed","ping_status":"closed","sticky":false,"template":"","format":"standard","meta":{"footnotes":""},"categories":[10],"tags":[],"_links":{"self":[{"href":"http:\/\/commune-loffre.fr\/index.php\/wp-json\/wp\/v2\/posts\/593"}],"collection":[{"href":"http:\/\/commune-loffre.fr\/index.php\/wp-json\/wp\/v2\/posts"}],"about":[{"href":"http:\/\/commune-loffre.fr\/index.php\/wp-json\/wp\/v2\/types\/post"}],"author":[{"embeddable":true,"href":"http:\/\/commune-loffre.fr\/index.php\/wp-json\/wp\/v2\/users\/1"}],"replies":[{"embeddable":true,"href":"http:\/\/commune-loffre.fr\/index.php\/wp-json\/wp\/v2\/comments?post=593"}],"version-history":[{"count":5,"href":"http:\/\/commune-loffre.fr\/index.php\/wp-json\/wp\/v2\/posts\/593\/revisions"}],"predecessor-version":[{"id":603,"href":"http:\/\/commune-loffre.fr\/index.php\/wp-json\/wp\/v2\/posts\/593\/revisions\/603"}],"wp:attachment":[{"href":"http:\/\/commune-loffre.fr\/index.php\/wp-json\/wp\/v2\/media?parent=593"}],"wp:term":[{"taxonomy":"category","embeddable":true,"href":"http:\/\/commune-loffre.fr\/index.php\/wp-json\/wp\/v2\/categories?post=593"},{"taxonomy":"post_tag","embeddable":true,"href":"http:\/\/commune-loffre.fr\/index.php\/wp-json\/wp\/v2\/tags?post=593"}],"curies":[{"name":"wp","href":"https:\/\/api.w.org\/{rel}","templated":true}]}}