{"id":5926,"date":"2021-10-12T16:01:50","date_gmt":"2021-10-12T15:01:50","guid":{"rendered":"http:\/\/commune-loffre.fr\/?p=5926"},"modified":"2021-10-14T07:35:33","modified_gmt":"2021-10-14T06:35:33","slug":"bas-le-masques","status":"publish","type":"post","link":"http:\/\/commune-loffre.fr\/index.php\/2021\/10\/12\/bas-le-masques\/","title":{"rendered":"Bas les masques !"},"content":{"rendered":"\n<p>Ce lundi 11 Octobre 2021 le masque n\u2019\u00e9tait plus obligatoire dans les \u00e9coles du Nord. En effet le taux d&rsquo;incidence est descendu en dessous de 50 pour 100 000 habitants pendant 5 jours. Les enseignants doivent continuer \u00e0 le  porter. Les enfants de l\u2019\u00e9cole \u00e9taient ravis de cette d\u00e9cision.<\/p>\n\n\n\n<figure class=\"wp-block-image\"><img loading=\"lazy\" decoding=\"async\" width=\"1024\" height=\"485\" src=\"http:\/\/commune-loffre.fr\/wp-content\/uploads\/2021\/10\/IMG_20211012_165828-1-1024x485.jpg\" alt=\"\" class=\"wp-image-5929\" srcset=\"http:\/\/commune-loffre.fr\/wp-content\/uploads\/2021\/10\/IMG_20211012_165828-1-1024x485.jpg 1024w, http:\/\/commune-loffre.fr\/wp-content\/uploads\/2021\/10\/IMG_20211012_165828-1-300x142.jpg 300w, http:\/\/commune-loffre.fr\/wp-content\/uploads\/2021\/10\/IMG_20211012_165828-1-768x363.jpg 768w, http:\/\/commune-loffre.fr\/wp-content\/uploads\/2021\/10\/IMG_20211012_165828-1-624x295.jpg 624w, http:\/\/commune-loffre.fr\/wp-content\/uploads\/2021\/10\/IMG_20211012_165828-1.jpg 1080w\" sizes=\"(max-width: 1024px) 100vw, 1024px\" \/><\/figure>\n","protected":false},"excerpt":{"rendered":"<p>Ce lundi 11 Octobre 2021 le masque n\u2019\u00e9tait plus obligatoire dans les \u00e9coles du Nord. En effet le taux d&rsquo;incidence est descendu en dessous de 50 pour 100 000 habitants&#8230; <a href=\"http:\/\/commune-loffre.fr\/index.php\/2021\/10\/12\/bas-le-masques\/\">Read more &raquo;<\/a><\/p>\n","protected":false},"author":1,"featured_media":5928,"comment_status":"closed","ping_status":"closed","sticky":false,"template":"","format":"standard","meta":{"footnotes":""},"categories":[1],"tags":[],"_links":{"self":[{"href":"http:\/\/commune-loffre.fr\/index.php\/wp-json\/wp\/v2\/posts\/5926"}],"collection":[{"href":"http:\/\/commune-loffre.fr\/index.php\/wp-json\/wp\/v2\/posts"}],"about":[{"href":"http:\/\/commune-loffre.fr\/index.php\/wp-json\/wp\/v2\/types\/post"}],"author":[{"embeddable":true,"href":"http:\/\/commune-loffre.fr\/index.php\/wp-json\/wp\/v2\/users\/1"}],"replies":[{"embeddable":true,"href":"http:\/\/commune-loffre.fr\/index.php\/wp-json\/wp\/v2\/comments?post=5926"}],"version-history":[{"count":3,"href":"http:\/\/commune-loffre.fr\/index.php\/wp-json\/wp\/v2\/posts\/5926\/revisions"}],"predecessor-version":[{"id":5931,"href":"http:\/\/commune-loffre.fr\/index.php\/wp-json\/wp\/v2\/posts\/5926\/revisions\/5931"}],"wp:featuredmedia":[{"embeddable":true,"href":"http:\/\/commune-loffre.fr\/index.php\/wp-json\/wp\/v2\/media\/5928"}],"wp:attachment":[{"href":"http:\/\/commune-loffre.fr\/index.php\/wp-json\/wp\/v2\/media?parent=5926"}],"wp:term":[{"taxonomy":"category","embeddable":true,"href":"http:\/\/commune-loffre.fr\/index.php\/wp-json\/wp\/v2\/categories?post=5926"},{"taxonomy":"post_tag","embeddable":true,"href":"http:\/\/commune-loffre.fr\/index.php\/wp-json\/wp\/v2\/tags?post=5926"}],"curies":[{"name":"wp","href":"https:\/\/api.w.org\/{rel}","templated":true}]}}