{"id":5907,"date":"2021-10-04T11:12:09","date_gmt":"2021-10-04T10:12:09","guid":{"rendered":"http:\/\/commune-loffre.fr\/?p=5907"},"modified":"2021-10-04T11:12:09","modified_gmt":"2021-10-04T10:12:09","slug":"rubans-roses","status":"publish","type":"post","link":"http:\/\/commune-loffre.fr\/index.php\/2021\/10\/04\/rubans-roses\/","title":{"rendered":"Rubans Roses"},"content":{"rendered":"\n<p>Samedi 25 octobre 2021 des rubans roses ont \u00e9t\u00e9\nconfectionn\u00e9s afin de les vendre sur le march\u00e9 du village du 2 octobre 2021 de\n9h \u00e0 12h. Venez d\u00e9couvrir sur notre stand les 21 visages qui composent la\nbanderole fabriqu\u00e9e par les membres du comit\u00e9 des f\u00eates de Loffre.&nbsp;<\/p>\n\n\n\n<figure class=\"wp-block-image\"><img loading=\"lazy\" decoding=\"async\" width=\"1024\" height=\"768\" src=\"http:\/\/commune-loffre.fr\/wp-content\/uploads\/2021\/10\/IMG_20210925_104854-1024x768.jpg\" alt=\"\" class=\"wp-image-5908\" srcset=\"http:\/\/commune-loffre.fr\/wp-content\/uploads\/2021\/10\/IMG_20210925_104854-1024x768.jpg 1024w, http:\/\/commune-loffre.fr\/wp-content\/uploads\/2021\/10\/IMG_20210925_104854-300x225.jpg 300w, http:\/\/commune-loffre.fr\/wp-content\/uploads\/2021\/10\/IMG_20210925_104854-768x576.jpg 768w, http:\/\/commune-loffre.fr\/wp-content\/uploads\/2021\/10\/IMG_20210925_104854-624x468.jpg 624w, http:\/\/commune-loffre.fr\/wp-content\/uploads\/2021\/10\/IMG_20210925_104854-240x180.jpg 240w\" sizes=\"(max-width: 1024px) 100vw, 1024px\" \/><figcaption>rpt<\/figcaption><\/figure>\n","protected":false},"excerpt":{"rendered":"<p>Samedi 25 octobre 2021 des rubans roses ont \u00e9t\u00e9 confectionn\u00e9s afin de les vendre sur le march\u00e9 du village du 2 octobre 2021 de 9h \u00e0 12h. Venez d\u00e9couvrir sur&#8230; <a href=\"http:\/\/commune-loffre.fr\/index.php\/2021\/10\/04\/rubans-roses\/\">Read more &raquo;<\/a><\/p>\n","protected":false},"author":1,"featured_media":5908,"comment_status":"closed","ping_status":"closed","sticky":false,"template":"","format":"standard","meta":{"footnotes":""},"categories":[1],"tags":[],"_links":{"self":[{"href":"http:\/\/commune-loffre.fr\/index.php\/wp-json\/wp\/v2\/posts\/5907"}],"collection":[{"href":"http:\/\/commune-loffre.fr\/index.php\/wp-json\/wp\/v2\/posts"}],"about":[{"href":"http:\/\/commune-loffre.fr\/index.php\/wp-json\/wp\/v2\/types\/post"}],"author":[{"embeddable":true,"href":"http:\/\/commune-loffre.fr\/index.php\/wp-json\/wp\/v2\/users\/1"}],"replies":[{"embeddable":true,"href":"http:\/\/commune-loffre.fr\/index.php\/wp-json\/wp\/v2\/comments?post=5907"}],"version-history":[{"count":1,"href":"http:\/\/commune-loffre.fr\/index.php\/wp-json\/wp\/v2\/posts\/5907\/revisions"}],"predecessor-version":[{"id":5909,"href":"http:\/\/commune-loffre.fr\/index.php\/wp-json\/wp\/v2\/posts\/5907\/revisions\/5909"}],"wp:featuredmedia":[{"embeddable":true,"href":"http:\/\/commune-loffre.fr\/index.php\/wp-json\/wp\/v2\/media\/5908"}],"wp:attachment":[{"href":"http:\/\/commune-loffre.fr\/index.php\/wp-json\/wp\/v2\/media?parent=5907"}],"wp:term":[{"taxonomy":"category","embeddable":true,"href":"http:\/\/commune-loffre.fr\/index.php\/wp-json\/wp\/v2\/categories?post=5907"},{"taxonomy":"post_tag","embeddable":true,"href":"http:\/\/commune-loffre.fr\/index.php\/wp-json\/wp\/v2\/tags?post=5907"}],"curies":[{"name":"wp","href":"https:\/\/api.w.org\/{rel}","templated":true}]}}