{"id":5870,"date":"2021-09-13T14:53:28","date_gmt":"2021-09-13T13:53:28","guid":{"rendered":"http:\/\/commune-loffre.fr\/?p=5870"},"modified":"2021-09-13T14:53:28","modified_gmt":"2021-09-13T13:53:28","slug":"la-rentree","status":"publish","type":"post","link":"http:\/\/commune-loffre.fr\/index.php\/2021\/09\/13\/la-rentree\/","title":{"rendered":"La Rentr\u00e9e"},"content":{"rendered":"\n<p>Voil\u00e0, apr\u00e8s quelques semaines de vacances, la rentr\u00e9e des\nclasses s&rsquo;est effectu\u00e9e sous le soleil. Monsieur le maire \u00c9ric Gouy, monsieur le\ndirecteur monsieur Dufossez, madame Pintiaux et monsieur Bossaert ont pu\naccueillir les \u00e9l\u00e8ves et leurs parents. Bon courage \u00e0 tous !!!!!&nbsp;<\/p>\n\n\n\n<ul class=\"wp-block-gallery columns-2 is-cropped wp-block-gallery-1 is-layout-flex wp-block-gallery-is-layout-flex\"><li class=\"blocks-gallery-item\"><figure><img loading=\"lazy\" decoding=\"async\" width=\"1024\" height=\"485\" src=\"http:\/\/commune-loffre.fr\/wp-content\/uploads\/2021\/09\/IMG_20210913_154447-1024x485.jpg\" alt=\"\" data-id=\"5871\" data-link=\"http:\/\/commune-loffre.fr\/?attachment_id=5871\" class=\"wp-image-5871\" srcset=\"http:\/\/commune-loffre.fr\/wp-content\/uploads\/2021\/09\/IMG_20210913_154447-1024x485.jpg 1024w, http:\/\/commune-loffre.fr\/wp-content\/uploads\/2021\/09\/IMG_20210913_154447-300x142.jpg 300w, http:\/\/commune-loffre.fr\/wp-content\/uploads\/2021\/09\/IMG_20210913_154447-768x363.jpg 768w, http:\/\/commune-loffre.fr\/wp-content\/uploads\/2021\/09\/IMG_20210913_154447-624x295.jpg 624w, http:\/\/commune-loffre.fr\/wp-content\/uploads\/2021\/09\/IMG_20210913_154447.jpg 1080w\" sizes=\"(max-width: 1024px) 100vw, 1024px\" \/><\/figure><\/li><li class=\"blocks-gallery-item\"><figure><img loading=\"lazy\" decoding=\"async\" width=\"484\" height=\"1024\" src=\"http:\/\/commune-loffre.fr\/wp-content\/uploads\/2021\/09\/IMG_20210913_154651-484x1024.jpg\" alt=\"\" data-id=\"5872\" data-link=\"http:\/\/commune-loffre.fr\/?attachment_id=5872\" class=\"wp-image-5872\" srcset=\"http:\/\/commune-loffre.fr\/wp-content\/uploads\/2021\/09\/IMG_20210913_154651-484x1024.jpg 484w, http:\/\/commune-loffre.fr\/wp-content\/uploads\/2021\/09\/IMG_20210913_154651-142x300.jpg 142w, http:\/\/commune-loffre.fr\/wp-content\/uploads\/2021\/09\/IMG_20210913_154651.jpg 510w\" sizes=\"(max-width: 484px) 100vw, 484px\" \/><\/figure><\/li><\/ul>\n","protected":false},"excerpt":{"rendered":"<p>Voil\u00e0, apr\u00e8s quelques semaines de vacances, la rentr\u00e9e des classes s&rsquo;est effectu\u00e9e sous le soleil. Monsieur le maire \u00c9ric Gouy, monsieur le directeur monsieur Dufossez, madame Pintiaux et monsieur Bossaert&#8230; <a href=\"http:\/\/commune-loffre.fr\/index.php\/2021\/09\/13\/la-rentree\/\">Read more &raquo;<\/a><\/p>\n","protected":false},"author":1,"featured_media":5871,"comment_status":"closed","ping_status":"closed","sticky":false,"template":"","format":"standard","meta":{"footnotes":""},"categories":[1],"tags":[],"_links":{"self":[{"href":"http:\/\/commune-loffre.fr\/index.php\/wp-json\/wp\/v2\/posts\/5870"}],"collection":[{"href":"http:\/\/commune-loffre.fr\/index.php\/wp-json\/wp\/v2\/posts"}],"about":[{"href":"http:\/\/commune-loffre.fr\/index.php\/wp-json\/wp\/v2\/types\/post"}],"author":[{"embeddable":true,"href":"http:\/\/commune-loffre.fr\/index.php\/wp-json\/wp\/v2\/users\/1"}],"replies":[{"embeddable":true,"href":"http:\/\/commune-loffre.fr\/index.php\/wp-json\/wp\/v2\/comments?post=5870"}],"version-history":[{"count":1,"href":"http:\/\/commune-loffre.fr\/index.php\/wp-json\/wp\/v2\/posts\/5870\/revisions"}],"predecessor-version":[{"id":5873,"href":"http:\/\/commune-loffre.fr\/index.php\/wp-json\/wp\/v2\/posts\/5870\/revisions\/5873"}],"wp:featuredmedia":[{"embeddable":true,"href":"http:\/\/commune-loffre.fr\/index.php\/wp-json\/wp\/v2\/media\/5871"}],"wp:attachment":[{"href":"http:\/\/commune-loffre.fr\/index.php\/wp-json\/wp\/v2\/media?parent=5870"}],"wp:term":[{"taxonomy":"category","embeddable":true,"href":"http:\/\/commune-loffre.fr\/index.php\/wp-json\/wp\/v2\/categories?post=5870"},{"taxonomy":"post_tag","embeddable":true,"href":"http:\/\/commune-loffre.fr\/index.php\/wp-json\/wp\/v2\/tags?post=5870"}],"curies":[{"name":"wp","href":"https:\/\/api.w.org\/{rel}","templated":true}]}}