{"id":5866,"date":"2021-09-13T14:42:09","date_gmt":"2021-09-13T13:42:09","guid":{"rendered":"http:\/\/commune-loffre.fr\/?p=5866"},"modified":"2021-09-13T14:42:09","modified_gmt":"2021-09-13T13:42:09","slug":"dechets-de-cimetieres-maintenant-on-trie-2","status":"publish","type":"post","link":"http:\/\/commune-loffre.fr\/index.php\/2021\/09\/13\/dechets-de-cimetieres-maintenant-on-trie-2\/","title":{"rendered":"D\u00e9chets de cimeti\u00e8res : maintenant, on trie !"},"content":{"rendered":"\n<p><strong>En partenariat avec le SIAVED, la commune s\u2019engage dans\nune d\u00e9marche de valorisation et de r\u00e9emploi des d\u00e9chets de cimeti\u00e8res pour un\ncimeti\u00e8re plus \u00e9cologique. <\/strong><\/p>\n\n\n\n<p>Pourquoi trier les d\u00e9chets de cimeti\u00e8res&nbsp;? <\/p>\n\n\n\n<p><em>Eviter que nos ressources\npartent en fum\u00e9e&nbsp;!<\/em><\/p>\n\n\n\n<p>Actuellement, la plupart des\nd\u00e9chets produits au sein du cimeti\u00e8re communal sont jet\u00e9s dans les bacs Ordures\nM\u00e9nag\u00e8res pour \u00eatre incin\u00e9r\u00e9s. Au-del\u00e0 d\u2019un co\u00fbt de collecte et de traitement\nimportant pour la collectivit\u00e9, c\u2019est une perte de ressources car une grande\npartie de ces d\u00e9chets (terreau, pots de fleurs non abim\u00e9s, plantes non fan\u00e9es\u2026)\npeut \u00eatre r\u00e9employ\u00e9e. <\/p>\n\n\n\n<p>Comment trier les d\u00e9chets de\ncimeti\u00e8res&nbsp;? <\/p>\n\n\n\n<p>Comme \u00e0 la maison, le tri des d\u00e9chets s\u2019effectue par mati\u00e8re. Quatre\ncontenants sont mis \u00e0 disposition des usagers pour effectuer le tri.&nbsp; Plusieurs points de d\u00e9p\u00f4t des d\u00e9chets sont\nam\u00e9nag\u00e9s au sein du cimeti\u00e8re afin de faciliter les apports des usagers. <\/p>\n\n\n\n<figure class=\"wp-block-image\"><img loading=\"lazy\" decoding=\"async\" width=\"557\" height=\"394\" src=\"http:\/\/commune-loffre.fr\/wp-content\/uploads\/2021\/09\/Sans-titre-4-1.jpg\" alt=\"\" class=\"wp-image-5868\" srcset=\"http:\/\/commune-loffre.fr\/wp-content\/uploads\/2021\/09\/Sans-titre-4-1.jpg 557w, http:\/\/commune-loffre.fr\/wp-content\/uploads\/2021\/09\/Sans-titre-4-1-300x212.jpg 300w\" sizes=\"(max-width: 557px) 100vw, 557px\" \/><\/figure>\n","protected":false},"excerpt":{"rendered":"<p>En partenariat avec le SIAVED, la commune s\u2019engage dans une d\u00e9marche de valorisation et de r\u00e9emploi des d\u00e9chets de cimeti\u00e8res pour un cimeti\u00e8re plus \u00e9cologique. Pourquoi trier les d\u00e9chets de&#8230; <a href=\"http:\/\/commune-loffre.fr\/index.php\/2021\/09\/13\/dechets-de-cimetieres-maintenant-on-trie-2\/\">Read more &raquo;<\/a><\/p>\n","protected":false},"author":1,"featured_media":5867,"comment_status":"closed","ping_status":"closed","sticky":false,"template":"","format":"standard","meta":{"footnotes":""},"categories":[1],"tags":[],"_links":{"self":[{"href":"http:\/\/commune-loffre.fr\/index.php\/wp-json\/wp\/v2\/posts\/5866"}],"collection":[{"href":"http:\/\/commune-loffre.fr\/index.php\/wp-json\/wp\/v2\/posts"}],"about":[{"href":"http:\/\/commune-loffre.fr\/index.php\/wp-json\/wp\/v2\/types\/post"}],"author":[{"embeddable":true,"href":"http:\/\/commune-loffre.fr\/index.php\/wp-json\/wp\/v2\/users\/1"}],"replies":[{"embeddable":true,"href":"http:\/\/commune-loffre.fr\/index.php\/wp-json\/wp\/v2\/comments?post=5866"}],"version-history":[{"count":1,"href":"http:\/\/commune-loffre.fr\/index.php\/wp-json\/wp\/v2\/posts\/5866\/revisions"}],"predecessor-version":[{"id":5869,"href":"http:\/\/commune-loffre.fr\/index.php\/wp-json\/wp\/v2\/posts\/5866\/revisions\/5869"}],"wp:featuredmedia":[{"embeddable":true,"href":"http:\/\/commune-loffre.fr\/index.php\/wp-json\/wp\/v2\/media\/5867"}],"wp:attachment":[{"href":"http:\/\/commune-loffre.fr\/index.php\/wp-json\/wp\/v2\/media?parent=5866"}],"wp:term":[{"taxonomy":"category","embeddable":true,"href":"http:\/\/commune-loffre.fr\/index.php\/wp-json\/wp\/v2\/categories?post=5866"},{"taxonomy":"post_tag","embeddable":true,"href":"http:\/\/commune-loffre.fr\/index.php\/wp-json\/wp\/v2\/tags?post=5866"}],"curies":[{"name":"wp","href":"https:\/\/api.w.org\/{rel}","templated":true}]}}