{"id":5860,"date":"2021-09-02T08:23:37","date_gmt":"2021-09-02T07:23:37","guid":{"rendered":"http:\/\/commune-loffre.fr\/?p=5860"},"modified":"2021-09-02T08:23:37","modified_gmt":"2021-09-02T07:23:37","slug":"les-jardiniers-ont-du-talent","status":"publish","type":"post","link":"http:\/\/commune-loffre.fr\/index.php\/2021\/09\/02\/les-jardiniers-ont-du-talent\/","title":{"rendered":"les jardiniers ont du talent"},"content":{"rendered":"\n<p>L\u2019animation \u00ab les jardiniers ont du talent \u00bb (avec la vente des l\u00e9gumes des participants),\u00a0 organis\u00e9e ce samedi 28 ao\u00fbt par les deux Associations \u00ab La ronde des livres de LOFFRE \u00bb et \u00ab Sport pour Tous \u00bb, a permis de r\u00e9colter la somme de 192\u20ac40. Cette somme a \u00e9t\u00e9 remise officiellement ce mercredi 1er septembre \u00e0 \u00ab Association Autisme des Hauts de France \u00bb. Nous avons re\u00e7u \u00e0 cette occasion de chaleureux remerciements que nous sommes heureux de transmettre \u00e0 tous les participants,<\/p>\n\n\n\n<ul class=\"wp-block-gallery columns-3 is-cropped wp-block-gallery-1 is-layout-flex wp-block-gallery-is-layout-flex\"><li class=\"blocks-gallery-item\"><figure><img loading=\"lazy\" decoding=\"async\" width=\"960\" height=\"720\" src=\"http:\/\/commune-loffre.fr\/wp-content\/uploads\/2021\/09\/received_162177122717633.jpeg\" alt=\"\" data-id=\"5861\" data-link=\"http:\/\/commune-loffre.fr\/?attachment_id=5861\" class=\"wp-image-5861\" srcset=\"http:\/\/commune-loffre.fr\/wp-content\/uploads\/2021\/09\/received_162177122717633.jpeg 960w, http:\/\/commune-loffre.fr\/wp-content\/uploads\/2021\/09\/received_162177122717633-300x225.jpeg 300w, http:\/\/commune-loffre.fr\/wp-content\/uploads\/2021\/09\/received_162177122717633-768x576.jpeg 768w, http:\/\/commune-loffre.fr\/wp-content\/uploads\/2021\/09\/received_162177122717633-624x468.jpeg 624w, http:\/\/commune-loffre.fr\/wp-content\/uploads\/2021\/09\/received_162177122717633-240x180.jpeg 240w\" sizes=\"(max-width: 960px) 100vw, 960px\" \/><\/figure><\/li><li class=\"blocks-gallery-item\"><figure><img loading=\"lazy\" decoding=\"async\" width=\"1024\" height=\"768\" src=\"http:\/\/commune-loffre.fr\/wp-content\/uploads\/2021\/09\/received_740437523434904-1024x768.jpeg\" alt=\"\" data-id=\"5862\" data-link=\"http:\/\/commune-loffre.fr\/?attachment_id=5862\" class=\"wp-image-5862\" srcset=\"http:\/\/commune-loffre.fr\/wp-content\/uploads\/2021\/09\/received_740437523434904-1024x768.jpeg 1024w, http:\/\/commune-loffre.fr\/wp-content\/uploads\/2021\/09\/received_740437523434904-300x225.jpeg 300w, http:\/\/commune-loffre.fr\/wp-content\/uploads\/2021\/09\/received_740437523434904-768x576.jpeg 768w, http:\/\/commune-loffre.fr\/wp-content\/uploads\/2021\/09\/received_740437523434904-624x468.jpeg 624w, http:\/\/commune-loffre.fr\/wp-content\/uploads\/2021\/09\/received_740437523434904-240x180.jpeg 240w, http:\/\/commune-loffre.fr\/wp-content\/uploads\/2021\/09\/received_740437523434904.jpeg 2048w\" sizes=\"(max-width: 1024px) 100vw, 1024px\" \/><\/figure><\/li><li class=\"blocks-gallery-item\"><figure><img loading=\"lazy\" decoding=\"async\" width=\"576\" height=\"1024\" src=\"http:\/\/commune-loffre.fr\/wp-content\/uploads\/2021\/09\/received_1637290143146146-576x1024.jpeg\" alt=\"\" data-id=\"5863\" data-link=\"http:\/\/commune-loffre.fr\/?attachment_id=5863\" class=\"wp-image-5863\" srcset=\"http:\/\/commune-loffre.fr\/wp-content\/uploads\/2021\/09\/received_1637290143146146-576x1024.jpeg 576w, http:\/\/commune-loffre.fr\/wp-content\/uploads\/2021\/09\/received_1637290143146146-169x300.jpeg 169w, http:\/\/commune-loffre.fr\/wp-content\/uploads\/2021\/09\/received_1637290143146146-768x1365.jpeg 768w, http:\/\/commune-loffre.fr\/wp-content\/uploads\/2021\/09\/received_1637290143146146-624x1109.jpeg 624w, http:\/\/commune-loffre.fr\/wp-content\/uploads\/2021\/09\/received_1637290143146146.jpeg 1080w\" sizes=\"(max-width: 576px) 100vw, 576px\" \/><\/figure><\/li><\/ul>\n\n\n\n<p>Un grand MERCI \u00e0 chacun pour votre implication dans cette animation,\u00a0tr\u00e8s bonne soir\u00e9e,\u00a0<\/p>\n\n\n\n<p>Anne LANG (Pr\u00e9sidente de Sport pour Tous)<\/p>\n\n\n\n<p>Sylvie LARIVI\u00c8RE (Pr\u00e9sidente de La Ronde des Livres)&nbsp;<\/p>\n","protected":false},"excerpt":{"rendered":"<p>L\u2019animation \u00ab les jardiniers ont du talent \u00bb (avec la vente des l\u00e9gumes des participants),\u00a0 organis\u00e9e ce samedi 28 ao\u00fbt par les deux Associations \u00ab La ronde des livres de&#8230; <a href=\"http:\/\/commune-loffre.fr\/index.php\/2021\/09\/02\/les-jardiniers-ont-du-talent\/\">Read more &raquo;<\/a><\/p>\n","protected":false},"author":1,"featured_media":5862,"comment_status":"closed","ping_status":"closed","sticky":false,"template":"","format":"standard","meta":{"footnotes":""},"categories":[1],"tags":[],"_links":{"self":[{"href":"http:\/\/commune-loffre.fr\/index.php\/wp-json\/wp\/v2\/posts\/5860"}],"collection":[{"href":"http:\/\/commune-loffre.fr\/index.php\/wp-json\/wp\/v2\/posts"}],"about":[{"href":"http:\/\/commune-loffre.fr\/index.php\/wp-json\/wp\/v2\/types\/post"}],"author":[{"embeddable":true,"href":"http:\/\/commune-loffre.fr\/index.php\/wp-json\/wp\/v2\/users\/1"}],"replies":[{"embeddable":true,"href":"http:\/\/commune-loffre.fr\/index.php\/wp-json\/wp\/v2\/comments?post=5860"}],"version-history":[{"count":1,"href":"http:\/\/commune-loffre.fr\/index.php\/wp-json\/wp\/v2\/posts\/5860\/revisions"}],"predecessor-version":[{"id":5864,"href":"http:\/\/commune-loffre.fr\/index.php\/wp-json\/wp\/v2\/posts\/5860\/revisions\/5864"}],"wp:featuredmedia":[{"embeddable":true,"href":"http:\/\/commune-loffre.fr\/index.php\/wp-json\/wp\/v2\/media\/5862"}],"wp:attachment":[{"href":"http:\/\/commune-loffre.fr\/index.php\/wp-json\/wp\/v2\/media?parent=5860"}],"wp:term":[{"taxonomy":"category","embeddable":true,"href":"http:\/\/commune-loffre.fr\/index.php\/wp-json\/wp\/v2\/categories?post=5860"},{"taxonomy":"post_tag","embeddable":true,"href":"http:\/\/commune-loffre.fr\/index.php\/wp-json\/wp\/v2\/tags?post=5860"}],"curies":[{"name":"wp","href":"https:\/\/api.w.org\/{rel}","templated":true}]}}