{"id":5849,"date":"2021-09-01T19:29:55","date_gmt":"2021-09-01T18:29:55","guid":{"rendered":"http:\/\/commune-loffre.fr\/?p=5849"},"modified":"2021-09-01T19:35:32","modified_gmt":"2021-09-01T18:35:32","slug":"foot-coupe-de-france","status":"publish","type":"post","link":"http:\/\/commune-loffre.fr\/index.php\/2021\/09\/01\/foot-coupe-de-france\/","title":{"rendered":"FOOT Coupe de France"},"content":{"rendered":"\n<p><strong>Dimanche 29 ao\u00fbt 2021<\/strong> Loffre-Erchin s&rsquo;est impos\u00e9 en coupe de France \u00e0 Fenain 1 \u00e0 0, but marqu\u00e9 par <em>Edmond Francart<\/em>. Toutes nos f\u00e9licitations \u00e0 l&rsquo;\u00e9quipe pour cette victoire.<\/p>\n\n\n\n<p> Les joueurs rencontreront le SC Douai <strong>dimanche 5 septembre 2021<\/strong> \u00e0 Loffre pour le deuxi\u00e8me tour. <strong>Venez nombreux pour les encourager.\u00a0<\/strong><\/p>\n\n\n\n<p> <\/p>\n\n\n\n<ul class=\"wp-block-gallery columns-3 is-cropped wp-block-gallery-1 is-layout-flex wp-block-gallery-is-layout-flex\"><li class=\"blocks-gallery-item\"><figure><img loading=\"lazy\" decoding=\"async\" width=\"1024\" height=\"576\" src=\"http:\/\/commune-loffre.fr\/wp-content\/uploads\/2021\/09\/IMG_20210901_002808-1024x576.jpg\" alt=\"\" data-id=\"5850\" data-link=\"http:\/\/commune-loffre.fr\/?attachment_id=5850\" class=\"wp-image-5850\" srcset=\"http:\/\/commune-loffre.fr\/wp-content\/uploads\/2021\/09\/IMG_20210901_002808-1024x576.jpg 1024w, http:\/\/commune-loffre.fr\/wp-content\/uploads\/2021\/09\/IMG_20210901_002808-300x169.jpg 300w, http:\/\/commune-loffre.fr\/wp-content\/uploads\/2021\/09\/IMG_20210901_002808-768x432.jpg 768w, http:\/\/commune-loffre.fr\/wp-content\/uploads\/2021\/09\/IMG_20210901_002808-624x351.jpg 624w, http:\/\/commune-loffre.fr\/wp-content\/uploads\/2021\/09\/IMG_20210901_002808.jpg 1280w\" sizes=\"(max-width: 1024px) 100vw, 1024px\" \/><\/figure><\/li><li class=\"blocks-gallery-item\"><figure><img loading=\"lazy\" decoding=\"async\" width=\"1024\" height=\"576\" src=\"http:\/\/commune-loffre.fr\/wp-content\/uploads\/2021\/09\/IMG_20210901_002817-1024x576.jpg\" alt=\"\" data-id=\"5851\" data-link=\"http:\/\/commune-loffre.fr\/?attachment_id=5851\" class=\"wp-image-5851\" srcset=\"http:\/\/commune-loffre.fr\/wp-content\/uploads\/2021\/09\/IMG_20210901_002817-1024x576.jpg 1024w, http:\/\/commune-loffre.fr\/wp-content\/uploads\/2021\/09\/IMG_20210901_002817-300x169.jpg 300w, http:\/\/commune-loffre.fr\/wp-content\/uploads\/2021\/09\/IMG_20210901_002817-768x432.jpg 768w, http:\/\/commune-loffre.fr\/wp-content\/uploads\/2021\/09\/IMG_20210901_002817-624x351.jpg 624w, http:\/\/commune-loffre.fr\/wp-content\/uploads\/2021\/09\/IMG_20210901_002817.jpg 1280w\" sizes=\"(max-width: 1024px) 100vw, 1024px\" \/><\/figure><\/li><li class=\"blocks-gallery-item\"><figure><img loading=\"lazy\" decoding=\"async\" width=\"1024\" height=\"576\" src=\"http:\/\/commune-loffre.fr\/wp-content\/uploads\/2021\/09\/IMG_20210901_002824-1024x576.jpg\" alt=\"\" data-id=\"5852\" data-link=\"http:\/\/commune-loffre.fr\/?attachment_id=5852\" class=\"wp-image-5852\" srcset=\"http:\/\/commune-loffre.fr\/wp-content\/uploads\/2021\/09\/IMG_20210901_002824-1024x576.jpg 1024w, http:\/\/commune-loffre.fr\/wp-content\/uploads\/2021\/09\/IMG_20210901_002824-300x169.jpg 300w, http:\/\/commune-loffre.fr\/wp-content\/uploads\/2021\/09\/IMG_20210901_002824-768x432.jpg 768w, http:\/\/commune-loffre.fr\/wp-content\/uploads\/2021\/09\/IMG_20210901_002824-624x351.jpg 624w, http:\/\/commune-loffre.fr\/wp-content\/uploads\/2021\/09\/IMG_20210901_002824.jpg 1280w\" sizes=\"(max-width: 1024px) 100vw, 1024px\" \/><\/figure><\/li><li class=\"blocks-gallery-item\"><figure><img loading=\"lazy\" decoding=\"async\" width=\"1024\" height=\"576\" src=\"http:\/\/commune-loffre.fr\/wp-content\/uploads\/2021\/09\/IMG_20210901_002830-1024x576.jpg\" alt=\"\" data-id=\"5853\" data-link=\"http:\/\/commune-loffre.fr\/?attachment_id=5853\" class=\"wp-image-5853\" srcset=\"http:\/\/commune-loffre.fr\/wp-content\/uploads\/2021\/09\/IMG_20210901_002830-1024x576.jpg 1024w, http:\/\/commune-loffre.fr\/wp-content\/uploads\/2021\/09\/IMG_20210901_002830-300x169.jpg 300w, http:\/\/commune-loffre.fr\/wp-content\/uploads\/2021\/09\/IMG_20210901_002830-768x432.jpg 768w, http:\/\/commune-loffre.fr\/wp-content\/uploads\/2021\/09\/IMG_20210901_002830-624x351.jpg 624w, http:\/\/commune-loffre.fr\/wp-content\/uploads\/2021\/09\/IMG_20210901_002830.jpg 1280w\" sizes=\"(max-width: 1024px) 100vw, 1024px\" \/><\/figure><\/li><\/ul>\n","protected":false},"excerpt":{"rendered":"<p>Dimanche 29 ao\u00fbt 2021 Loffre-Erchin s&rsquo;est impos\u00e9 en coupe de France \u00e0 Fenain 1 \u00e0 0, but marqu\u00e9 par Edmond Francart. Toutes nos f\u00e9licitations \u00e0 l&rsquo;\u00e9quipe pour cette victoire. Les&#8230; <a href=\"http:\/\/commune-loffre.fr\/index.php\/2021\/09\/01\/foot-coupe-de-france\/\">Read more &raquo;<\/a><\/p>\n","protected":false},"author":1,"featured_media":5851,"comment_status":"closed","ping_status":"closed","sticky":false,"template":"","format":"standard","meta":{"footnotes":""},"categories":[1],"tags":[],"_links":{"self":[{"href":"http:\/\/commune-loffre.fr\/index.php\/wp-json\/wp\/v2\/posts\/5849"}],"collection":[{"href":"http:\/\/commune-loffre.fr\/index.php\/wp-json\/wp\/v2\/posts"}],"about":[{"href":"http:\/\/commune-loffre.fr\/index.php\/wp-json\/wp\/v2\/types\/post"}],"author":[{"embeddable":true,"href":"http:\/\/commune-loffre.fr\/index.php\/wp-json\/wp\/v2\/users\/1"}],"replies":[{"embeddable":true,"href":"http:\/\/commune-loffre.fr\/index.php\/wp-json\/wp\/v2\/comments?post=5849"}],"version-history":[{"count":2,"href":"http:\/\/commune-loffre.fr\/index.php\/wp-json\/wp\/v2\/posts\/5849\/revisions"}],"predecessor-version":[{"id":5859,"href":"http:\/\/commune-loffre.fr\/index.php\/wp-json\/wp\/v2\/posts\/5849\/revisions\/5859"}],"wp:featuredmedia":[{"embeddable":true,"href":"http:\/\/commune-loffre.fr\/index.php\/wp-json\/wp\/v2\/media\/5851"}],"wp:attachment":[{"href":"http:\/\/commune-loffre.fr\/index.php\/wp-json\/wp\/v2\/media?parent=5849"}],"wp:term":[{"taxonomy":"category","embeddable":true,"href":"http:\/\/commune-loffre.fr\/index.php\/wp-json\/wp\/v2\/categories?post=5849"},{"taxonomy":"post_tag","embeddable":true,"href":"http:\/\/commune-loffre.fr\/index.php\/wp-json\/wp\/v2\/tags?post=5849"}],"curies":[{"name":"wp","href":"https:\/\/api.w.org\/{rel}","templated":true}]}}