{"id":5844,"date":"2021-08-31T14:34:57","date_gmt":"2021-08-31T13:34:57","guid":{"rendered":"http:\/\/commune-loffre.fr\/?p=5844"},"modified":"2021-08-31T14:34:57","modified_gmt":"2021-08-31T13:34:57","slug":"fete-du-village-8","status":"publish","type":"post","link":"http:\/\/commune-loffre.fr\/index.php\/2021\/08\/31\/fete-du-village-8\/","title":{"rendered":"F\u00eate du Village"},"content":{"rendered":"\n<p>Du monde, des cris, du soleil, des enfants heureux, voici\nles ingr\u00e9dients d&rsquo;un apr\u00e8s midi r\u00e9ussi samedi 28 ao\u00fbt 2021 dans la cour de\nl&rsquo;\u00e9cole de Loffre. Des ateliers, un ch\u00e2teau gonflable ont ravi les enfants. Ce\nm\u00eame ch\u00e2teau est rest\u00e9 le dimanche 29 ao\u00fbt pour le plus grand plaisir des plus\npetits. Un grand merci aux animateurs du conseil municipal : Quentin, Fabienne,\nVirginie Peggy, Alain, Fr\u00e9d\u00e9ric et Guillaume.<\/p>\n\n\n\n<figure class=\"wp-block-image\"><img loading=\"lazy\" decoding=\"async\" width=\"1000\" height=\"750\" src=\"http:\/\/commune-loffre.fr\/wp-content\/uploads\/2021\/08\/IMG_20210828_170141_resized_20210830_045139380.jpg\" alt=\"\" class=\"wp-image-5845\" srcset=\"http:\/\/commune-loffre.fr\/wp-content\/uploads\/2021\/08\/IMG_20210828_170141_resized_20210830_045139380.jpg 1000w, http:\/\/commune-loffre.fr\/wp-content\/uploads\/2021\/08\/IMG_20210828_170141_resized_20210830_045139380-300x225.jpg 300w, http:\/\/commune-loffre.fr\/wp-content\/uploads\/2021\/08\/IMG_20210828_170141_resized_20210830_045139380-768x576.jpg 768w, http:\/\/commune-loffre.fr\/wp-content\/uploads\/2021\/08\/IMG_20210828_170141_resized_20210830_045139380-624x468.jpg 624w, http:\/\/commune-loffre.fr\/wp-content\/uploads\/2021\/08\/IMG_20210828_170141_resized_20210830_045139380-240x180.jpg 240w\" sizes=\"(max-width: 1000px) 100vw, 1000px\" \/><\/figure>\n","protected":false},"excerpt":{"rendered":"<p>Du monde, des cris, du soleil, des enfants heureux, voici les ingr\u00e9dients d&rsquo;un apr\u00e8s midi r\u00e9ussi samedi 28 ao\u00fbt 2021 dans la cour de l&rsquo;\u00e9cole de Loffre. Des ateliers, un&#8230; <a href=\"http:\/\/commune-loffre.fr\/index.php\/2021\/08\/31\/fete-du-village-8\/\">Read more &raquo;<\/a><\/p>\n","protected":false},"author":1,"featured_media":5845,"comment_status":"closed","ping_status":"closed","sticky":false,"template":"","format":"standard","meta":{"footnotes":""},"categories":[1],"tags":[],"_links":{"self":[{"href":"http:\/\/commune-loffre.fr\/index.php\/wp-json\/wp\/v2\/posts\/5844"}],"collection":[{"href":"http:\/\/commune-loffre.fr\/index.php\/wp-json\/wp\/v2\/posts"}],"about":[{"href":"http:\/\/commune-loffre.fr\/index.php\/wp-json\/wp\/v2\/types\/post"}],"author":[{"embeddable":true,"href":"http:\/\/commune-loffre.fr\/index.php\/wp-json\/wp\/v2\/users\/1"}],"replies":[{"embeddable":true,"href":"http:\/\/commune-loffre.fr\/index.php\/wp-json\/wp\/v2\/comments?post=5844"}],"version-history":[{"count":1,"href":"http:\/\/commune-loffre.fr\/index.php\/wp-json\/wp\/v2\/posts\/5844\/revisions"}],"predecessor-version":[{"id":5846,"href":"http:\/\/commune-loffre.fr\/index.php\/wp-json\/wp\/v2\/posts\/5844\/revisions\/5846"}],"wp:featuredmedia":[{"embeddable":true,"href":"http:\/\/commune-loffre.fr\/index.php\/wp-json\/wp\/v2\/media\/5845"}],"wp:attachment":[{"href":"http:\/\/commune-loffre.fr\/index.php\/wp-json\/wp\/v2\/media?parent=5844"}],"wp:term":[{"taxonomy":"category","embeddable":true,"href":"http:\/\/commune-loffre.fr\/index.php\/wp-json\/wp\/v2\/categories?post=5844"},{"taxonomy":"post_tag","embeddable":true,"href":"http:\/\/commune-loffre.fr\/index.php\/wp-json\/wp\/v2\/tags?post=5844"}],"curies":[{"name":"wp","href":"https:\/\/api.w.org\/{rel}","templated":true}]}}