{"id":5840,"date":"2021-08-31T14:33:32","date_gmt":"2021-08-31T13:33:32","guid":{"rendered":"http:\/\/commune-loffre.fr\/?p=5840"},"modified":"2021-08-31T14:33:32","modified_gmt":"2021-08-31T13:33:32","slug":"discours-dinauguration-de-la-place-poulet","status":"publish","type":"post","link":"http:\/\/commune-loffre.fr\/index.php\/2021\/08\/31\/discours-dinauguration-de-la-place-poulet\/","title":{"rendered":"Discours d\u2019inauguration de la Place Poulet"},"content":{"rendered":"\n<p>Mesdames, Messieurs, Ch\u00e8res et Chers Loffriens,<\/p>\n\n\n\n<p>Je voudrais, tout\nd\u2019abord, vous souhaiter la bienvenue \u00e0 tous, au c\u0153ur de notre beau village de\nLOFFRE, vous\nremercier de votre pr\u00e9sence pour cette inauguration de la place de notre\ncharmant village. <\/p>\n\n\n\n<ul class=\"wp-block-gallery columns-2 is-cropped wp-block-gallery-1 is-layout-flex wp-block-gallery-is-layout-flex\"><li class=\"blocks-gallery-item\"><figure><img loading=\"lazy\" decoding=\"async\" width=\"480\" height=\"360\" src=\"http:\/\/commune-loffre.fr\/wp-content\/uploads\/2021\/08\/296818a2-1.jpg\" alt=\"\" data-id=\"5841\" data-link=\"http:\/\/commune-loffre.fr\/?attachment_id=5841\" class=\"wp-image-5841\" srcset=\"http:\/\/commune-loffre.fr\/wp-content\/uploads\/2021\/08\/296818a2-1.jpg 480w, http:\/\/commune-loffre.fr\/wp-content\/uploads\/2021\/08\/296818a2-1-300x225.jpg 300w, http:\/\/commune-loffre.fr\/wp-content\/uploads\/2021\/08\/296818a2-1-240x180.jpg 240w\" sizes=\"(max-width: 480px) 100vw, 480px\" \/><\/figure><\/li><li class=\"blocks-gallery-item\"><figure><img loading=\"lazy\" decoding=\"async\" width=\"480\" height=\"360\" src=\"http:\/\/commune-loffre.fr\/wp-content\/uploads\/2021\/08\/e1f89025-1.jpg\" alt=\"\" data-id=\"5842\" data-link=\"http:\/\/commune-loffre.fr\/?attachment_id=5842\" class=\"wp-image-5842\" srcset=\"http:\/\/commune-loffre.fr\/wp-content\/uploads\/2021\/08\/e1f89025-1.jpg 480w, http:\/\/commune-loffre.fr\/wp-content\/uploads\/2021\/08\/e1f89025-1-300x225.jpg 300w, http:\/\/commune-loffre.fr\/wp-content\/uploads\/2021\/08\/e1f89025-1-240x180.jpg 240w\" sizes=\"(max-width: 480px) 100vw, 480px\" \/><\/figure><\/li><\/ul>\n\n\n\n<p>Pour leur pr\u00e9sence, je remercie tout d\u2019abord M. le D\u00e9put\u00e9\nAlain BRUNEEL,&nbsp; &nbsp;Messieurs &nbsp;les conseillers d\u00e9partementaux Maryline Lucas\net Charles Beauchamp, nos deux maires pr\u00e9c\u00e9dents Jean Marie CH\u0152UR et Yves\nBRILLON Maire honoraire, Jo\u00ebl PIERRACHE maire de Pecquencourt, Denis MICHALAK\nmaire de Lewarde, Lionel Fontaine Maire de Masny, Arlette Dupilet maire de\nFenain, Messieurs les repr\u00e9sentants de l\u2019entreprise T\u00e9renvi d\u2019Aniche et madame\nDESSAINT ni\u00e8ce de M. POULET. Je relaie les excuses de M. Destouches&nbsp;: Sous\nPr\u00e9fet et Fr\u00e9d\u00e9ric Delannoy, Pr\u00e9sident de la CCCO, maire d\u2019Hornaing qui ne\npouvaient pas \u00eatre pr\u00e9sent parmi nous ce matin.<\/p>\n\n\n\n<p>C\u2019est un r\u00e9el plaisir pour le conseil municipal et moi-m\u00eame\nde vous accueillir et de vous recevoir pour officialiser, par cette c\u00e9r\u00e9monie\nd\u2019inauguration, de la Place r\u00e9nov\u00e9e de notre centre village, au nom de M.\nPOULET Alphonse. <\/p>\n\n\n\n<p>Je commencerai mon propos par une pr\u00e9sentation de M.\nPOULET&nbsp;:<\/p>\n\n\n\n<p>M. Alphonse POULET&nbsp;: 14\u00e8me maire de la commune depuis la\nr\u00e9volution fran\u00e7aise, fils de Philippe POULET maire \u00e9galement, a g\u00e9r\u00e9 les\naffaires communales durant 48 ans de 1929 \u00e0 1977. Ce fils de la terre\npartageait son temps entre le travail des champs et la mairie. N\u00e9 \u00e0 la fin du\nXX\u00e8me si\u00e8cle il dut quitter ses \u00e9tudes secondaires pour se consacrer \u00e0\nl\u2019exploitation familiale dont la ferme au carr\u00e9 est devenue une habitation dans\nla rue des Moines et les terres le lotissement des Petite rue et rue du Petit\nMarais. Il f\u00fbt mobilis\u00e9 durant la grande guerre et bless\u00e9 presque mourant en\n1915. Apr\u00e8s quelques mois pass\u00e9s \u00e0 Paris pour le remettre sur pieds il repartit\nau combat et en 1<sup>\u00e8re<\/sup> ligne. Pour ces \u00e9tats de service il fut d\u00e9cor\u00e9\net nomm\u00e9 Chevalier de la L\u00e9gion d\u2019Honneur et croix du combattant&nbsp;:\ndistinctions dont il ne tirait aucune vanit\u00e9. N\u00e9 le 16 aout 1895, il s\u2019est\n\u00e9teint \u00e0 l\u2019\u00e2ge de 83 ans.<\/p>\n\n\n\n<p>Durant ses diff\u00e9rents mandats, il a \u0153uvr\u00e9 \u00e0 l\u2019implantation\nd\u2019un r\u00e9seau \u00e9lectrifi\u00e9 alimentant la plupart des foyers de la commune d\u00e8s 1932.\nEn 1949, la commune se dote du nouveau cimeti\u00e8re car aucune extension n\u2019\u00e9tait\npossible autour de l\u2019\u00e9glise. En 1963 un vaste programme de voirie am\u00e8ne l\u2019eau\npotable dans les chaumi\u00e8res. En 1965 pour faire face \u00e0 un accroissement de la\npopulation, une extension de l\u2019\u00e9cole est r\u00e9alis\u00e9e par la pose d\u2019un b\u00e2timent\npr\u00e9fabriqu\u00e9 et en 71 c\u2019est un foyer des jeunes qui est mis en \u0153uvre puis en\n1974 c\u2019est l\u2019\u00e9clairage public qui est d\u00e9ploy\u00e9 dans l\u2019int\u00e9gralit\u00e9 de la commune.\n<\/p>\n\n\n\n<p>L\u2019am\u00e9nagement de cette place s\u2019inscris dans le programme de\nl\u2019\u00e9quipe municipale qui consiste \u00e0 am\u00e9liorer au fil des ann\u00e9es votre\nenvironnement le plus proche. En effet cons\u00e9cutivement \u00e0 l\u2019enfouissement des\nr\u00e9seaux secs ou \u00e9lectriques des Petites rues et rue du Petit Marais, il a \u00e9t\u00e9\nd\u00e9cid\u00e9 d\u2019engager des am\u00e9nagements paysag\u00e9s qualitatifs en lieu et place du\ntransformateur cabine haute remplac\u00e9 par une cabine basse \u00e0 l\u2019intersection des\ndeux rues, un am\u00e9nagement devant l\u2019\u00e9cole et un autre rue Saint Jean. La place a\nprofit\u00e9 de cette dynamique et a subi un lifting r\u00e9alis\u00e9 int\u00e9gralement par\nl\u2019entreprise T\u00e9renvi. Je remercie les repr\u00e9sentant Messieurs LEGRAND et\nDELAUDIER ainsi que les employ\u00e9s pour la qualit\u00e9 de la r\u00e9alisation. <\/p>\n\n\n\n<p>Le co\u00fbt des travaux s\u2019\u00e9l\u00e8ve \u00e0 56.&nbsp;477\u20ac H soit 67.&nbsp;773\n\u20ac TTC. Ces travaux ont b\u00e9n\u00e9fici\u00e9 de subventions cons\u00e9quentes&nbsp;: de l\u2019ordre\nde 60 %, dont 33.&nbsp;232 \u20ac au titre de l\u2019ADVB (aide d\u00e9partementale aux\nvillages et aux bourgs) et le plan de relance du d\u00e9partement que je remercie\nainsi que nos conseillers d\u00e9partementaux ici pr\u00e9sents et de 7.980 \u20ac au titre de\nla DETR (Dotation d&rsquo;\u00c9quipement des Territoires Ruraux) que l\u2019\u00e9tat que je\nremercie \u00e9galement et qui nous a consacr\u00e9 cette manne dans le cadre\nd\u2019am\u00e9nagement de cheminements pi\u00e9ton praticables par les personnes \u00e0 mobilit\u00e9\nr\u00e9duite.<\/p>\n\n\n\n<p>Le temps est venu de d\u00e9couvrir la plaque appos\u00e9e en l\u2019honneur\nde M. Alphonse Poulet&nbsp;: ancien maire de LOFFRE et de lui rendre l\u2019hommage\nqui lui est du.<\/p>\n\n\n\n<p>Je vous remercie pour votre attention et vous invite \u00e0 venir\nvous rafraichir sur le parking de la salle des f\u00eates pour la r\u00e9compense du\nconcours des maisons fleuris et des jardiniers ont du talent ainsi que l\u2019ouverture\nde la f\u00eate du village et j\u2019en profite pour remercier le personnel communal qui\ns\u2019est d\u00e9men\u00e9 pour la pr\u00e9paration de la f\u00eate communale, les associations et plus\nparticuli\u00e8rement les membres du comit\u00e9 des f\u00eates. &nbsp;<\/p>\n","protected":false},"excerpt":{"rendered":"<p>Mesdames, Messieurs, Ch\u00e8res et Chers Loffriens, Je voudrais, tout d\u2019abord, vous souhaiter la bienvenue \u00e0 tous, au c\u0153ur de notre beau village de LOFFRE, vous remercier de votre pr\u00e9sence pour&#8230; <a href=\"http:\/\/commune-loffre.fr\/index.php\/2021\/08\/31\/discours-dinauguration-de-la-place-poulet\/\">Read more &raquo;<\/a><\/p>\n","protected":false},"author":1,"featured_media":5841,"comment_status":"closed","ping_status":"closed","sticky":false,"template":"","format":"standard","meta":{"footnotes":""},"categories":[1],"tags":[],"_links":{"self":[{"href":"http:\/\/commune-loffre.fr\/index.php\/wp-json\/wp\/v2\/posts\/5840"}],"collection":[{"href":"http:\/\/commune-loffre.fr\/index.php\/wp-json\/wp\/v2\/posts"}],"about":[{"href":"http:\/\/commune-loffre.fr\/index.php\/wp-json\/wp\/v2\/types\/post"}],"author":[{"embeddable":true,"href":"http:\/\/commune-loffre.fr\/index.php\/wp-json\/wp\/v2\/users\/1"}],"replies":[{"embeddable":true,"href":"http:\/\/commune-loffre.fr\/index.php\/wp-json\/wp\/v2\/comments?post=5840"}],"version-history":[{"count":1,"href":"http:\/\/commune-loffre.fr\/index.php\/wp-json\/wp\/v2\/posts\/5840\/revisions"}],"predecessor-version":[{"id":5843,"href":"http:\/\/commune-loffre.fr\/index.php\/wp-json\/wp\/v2\/posts\/5840\/revisions\/5843"}],"wp:featuredmedia":[{"embeddable":true,"href":"http:\/\/commune-loffre.fr\/index.php\/wp-json\/wp\/v2\/media\/5841"}],"wp:attachment":[{"href":"http:\/\/commune-loffre.fr\/index.php\/wp-json\/wp\/v2\/media?parent=5840"}],"wp:term":[{"taxonomy":"category","embeddable":true,"href":"http:\/\/commune-loffre.fr\/index.php\/wp-json\/wp\/v2\/categories?post=5840"},{"taxonomy":"post_tag","embeddable":true,"href":"http:\/\/commune-loffre.fr\/index.php\/wp-json\/wp\/v2\/tags?post=5840"}],"curies":[{"name":"wp","href":"https:\/\/api.w.org\/{rel}","templated":true}]}}