{"id":5812,"date":"2021-08-01T17:13:00","date_gmt":"2021-08-01T16:13:00","guid":{"rendered":"http:\/\/commune-loffre.fr\/?p=5812"},"modified":"2021-08-01T17:13:00","modified_gmt":"2021-08-01T16:13:00","slug":"sortie-du-27-juillet","status":"publish","type":"post","link":"http:\/\/commune-loffre.fr\/index.php\/2021\/08\/01\/sortie-du-27-juillet\/","title":{"rendered":"Sortie du 27 Juillet"},"content":{"rendered":"\n<p>Encore une\nbien belle journ\u00e9e organis\u00e9e par les membres du centre a\u00e9r\u00e9 \u00e0 Douai ce 27\njuillet 2021 : le matin, une visite de la caserne des pompiers de Waziers a \u00e9t\u00e9\nanim\u00e9e par Monsieur C\u00e9dric Leroy, pompier avec la venue surprise d&rsquo;un policier\nmotard, J\u00e9r\u00e9my, papa d&rsquo;un petit gar\u00e7on du centre. Les enfants ont pu visiter\nles locaux et ont eu le privil\u00e8ge de monter dans le camion de pompier. Nous\ntenons \u00e0 remercier vivement ces deux papas pour leurs pr\u00e9sentations. Apr\u00e8s un\npique nique \u00e0 l&rsquo;int\u00e9rieur de la caserne, place \u00e0 la visite du beffroi et de la\nmaison des g\u00e9ants. Malgr\u00e9 un temps mitig\u00e9, beaucoup de marche, les enfants ont\npris beaucoup de plaisir durant cette journ\u00e9e.<\/p>\n\n\n\n<ul class=\"wp-block-gallery columns-2 is-cropped wp-block-gallery-1 is-layout-flex wp-block-gallery-is-layout-flex\"><li class=\"blocks-gallery-item\"><figure><img loading=\"lazy\" decoding=\"async\" width=\"1024\" height=\"564\" src=\"http:\/\/commune-loffre.fr\/wp-content\/uploads\/2021\/08\/Screenshot_20210729_204927-1024x564.jpg\" alt=\"\" data-id=\"5813\" data-link=\"http:\/\/commune-loffre.fr\/?attachment_id=5813\" class=\"wp-image-5813\" srcset=\"http:\/\/commune-loffre.fr\/wp-content\/uploads\/2021\/08\/Screenshot_20210729_204927-1024x564.jpg 1024w, http:\/\/commune-loffre.fr\/wp-content\/uploads\/2021\/08\/Screenshot_20210729_204927-300x165.jpg 300w, http:\/\/commune-loffre.fr\/wp-content\/uploads\/2021\/08\/Screenshot_20210729_204927-768x423.jpg 768w, http:\/\/commune-loffre.fr\/wp-content\/uploads\/2021\/08\/Screenshot_20210729_204927-624x344.jpg 624w, http:\/\/commune-loffre.fr\/wp-content\/uploads\/2021\/08\/Screenshot_20210729_204927.jpg 1080w\" sizes=\"(max-width: 1024px) 100vw, 1024px\" \/><\/figure><\/li><li class=\"blocks-gallery-item\"><figure><img loading=\"lazy\" decoding=\"async\" width=\"1024\" height=\"521\" src=\"http:\/\/commune-loffre.fr\/wp-content\/uploads\/2021\/08\/Screenshot_20210729_205007-1024x521.jpg\" alt=\"\" data-id=\"5814\" data-link=\"http:\/\/commune-loffre.fr\/?attachment_id=5814\" class=\"wp-image-5814\" srcset=\"http:\/\/commune-loffre.fr\/wp-content\/uploads\/2021\/08\/Screenshot_20210729_205007-1024x521.jpg 1024w, http:\/\/commune-loffre.fr\/wp-content\/uploads\/2021\/08\/Screenshot_20210729_205007-300x153.jpg 300w, http:\/\/commune-loffre.fr\/wp-content\/uploads\/2021\/08\/Screenshot_20210729_205007-768x390.jpg 768w, http:\/\/commune-loffre.fr\/wp-content\/uploads\/2021\/08\/Screenshot_20210729_205007-624x317.jpg 624w, http:\/\/commune-loffre.fr\/wp-content\/uploads\/2021\/08\/Screenshot_20210729_205007.jpg 1080w\" sizes=\"(max-width: 1024px) 100vw, 1024px\" \/><\/figure><\/li><\/ul>\n\n\n\n<p>Et voil\u00e0, le\ncentre se termine. Ces trois semaines ont \u00e9t\u00e9 riches en \u00e9motion. Il est temps\nde prendre un peu de repos pour les animateurs et leur directrice Marie H\u00e9l\u00e8ne\nDUPUIS. Merci \u00e0 toute l&rsquo;\u00e9quipe et aux parents accompagnateurs.&nbsp;<\/p>\n\n\n\n<p>Bonne\nvacances \u00e0 tous!!!<\/p>\n","protected":false},"excerpt":{"rendered":"<p>Encore une bien belle journ\u00e9e organis\u00e9e par les membres du centre a\u00e9r\u00e9 \u00e0 Douai ce 27 juillet 2021 : le matin, une visite de la caserne des pompiers de Waziers&#8230; <a href=\"http:\/\/commune-loffre.fr\/index.php\/2021\/08\/01\/sortie-du-27-juillet\/\">Read more &raquo;<\/a><\/p>\n","protected":false},"author":1,"featured_media":0,"comment_status":"closed","ping_status":"closed","sticky":false,"template":"","format":"standard","meta":{"footnotes":""},"categories":[1],"tags":[],"_links":{"self":[{"href":"http:\/\/commune-loffre.fr\/index.php\/wp-json\/wp\/v2\/posts\/5812"}],"collection":[{"href":"http:\/\/commune-loffre.fr\/index.php\/wp-json\/wp\/v2\/posts"}],"about":[{"href":"http:\/\/commune-loffre.fr\/index.php\/wp-json\/wp\/v2\/types\/post"}],"author":[{"embeddable":true,"href":"http:\/\/commune-loffre.fr\/index.php\/wp-json\/wp\/v2\/users\/1"}],"replies":[{"embeddable":true,"href":"http:\/\/commune-loffre.fr\/index.php\/wp-json\/wp\/v2\/comments?post=5812"}],"version-history":[{"count":1,"href":"http:\/\/commune-loffre.fr\/index.php\/wp-json\/wp\/v2\/posts\/5812\/revisions"}],"predecessor-version":[{"id":5815,"href":"http:\/\/commune-loffre.fr\/index.php\/wp-json\/wp\/v2\/posts\/5812\/revisions\/5815"}],"wp:attachment":[{"href":"http:\/\/commune-loffre.fr\/index.php\/wp-json\/wp\/v2\/media?parent=5812"}],"wp:term":[{"taxonomy":"category","embeddable":true,"href":"http:\/\/commune-loffre.fr\/index.php\/wp-json\/wp\/v2\/categories?post=5812"},{"taxonomy":"post_tag","embeddable":true,"href":"http:\/\/commune-loffre.fr\/index.php\/wp-json\/wp\/v2\/tags?post=5812"}],"curies":[{"name":"wp","href":"https:\/\/api.w.org\/{rel}","templated":true}]}}