{"id":5800,"date":"2021-08-01T17:04:10","date_gmt":"2021-08-01T16:04:10","guid":{"rendered":"http:\/\/commune-loffre.fr\/?p=5800"},"modified":"2021-08-01T17:04:10","modified_gmt":"2021-08-01T16:04:10","slug":"inauguration-le-28-aout","status":"publish","type":"post","link":"http:\/\/commune-loffre.fr\/index.php\/2021\/08\/01\/inauguration-le-28-aout\/","title":{"rendered":"Inauguration le 28 Aout"},"content":{"rendered":"\n<figure class=\"wp-block-image\"><img loading=\"lazy\" decoding=\"async\" width=\"1024\" height=\"725\" src=\"http:\/\/commune-loffre.fr\/wp-content\/uploads\/2021\/08\/INVITATION-\u00e0-linauguration-de-la-place-communale-de-LOFFRE-le-28-ao\u00fbt-2021-\u00e0-10h00.-1024x725.jpg\" alt=\"\" class=\"wp-image-5801\" srcset=\"http:\/\/commune-loffre.fr\/wp-content\/uploads\/2021\/08\/INVITATION-\u00e0-linauguration-de-la-place-communale-de-LOFFRE-le-28-ao\u00fbt-2021-\u00e0-10h00.-1024x725.jpg 1024w, http:\/\/commune-loffre.fr\/wp-content\/uploads\/2021\/08\/INVITATION-\u00e0-linauguration-de-la-place-communale-de-LOFFRE-le-28-ao\u00fbt-2021-\u00e0-10h00.-300x212.jpg 300w, http:\/\/commune-loffre.fr\/wp-content\/uploads\/2021\/08\/INVITATION-\u00e0-linauguration-de-la-place-communale-de-LOFFRE-le-28-ao\u00fbt-2021-\u00e0-10h00.-768x543.jpg 768w, http:\/\/commune-loffre.fr\/wp-content\/uploads\/2021\/08\/INVITATION-\u00e0-linauguration-de-la-place-communale-de-LOFFRE-le-28-ao\u00fbt-2021-\u00e0-10h00.-624x442.jpg 624w\" sizes=\"(max-width: 1024px) 100vw, 1024px\" \/><\/figure>\n","protected":false},"excerpt":{"rendered":"","protected":false},"author":1,"featured_media":5801,"comment_status":"closed","ping_status":"closed","sticky":false,"template":"","format":"standard","meta":{"footnotes":""},"categories":[1],"tags":[],"_links":{"self":[{"href":"http:\/\/commune-loffre.fr\/index.php\/wp-json\/wp\/v2\/posts\/5800"}],"collection":[{"href":"http:\/\/commune-loffre.fr\/index.php\/wp-json\/wp\/v2\/posts"}],"about":[{"href":"http:\/\/commune-loffre.fr\/index.php\/wp-json\/wp\/v2\/types\/post"}],"author":[{"embeddable":true,"href":"http:\/\/commune-loffre.fr\/index.php\/wp-json\/wp\/v2\/users\/1"}],"replies":[{"embeddable":true,"href":"http:\/\/commune-loffre.fr\/index.php\/wp-json\/wp\/v2\/comments?post=5800"}],"version-history":[{"count":1,"href":"http:\/\/commune-loffre.fr\/index.php\/wp-json\/wp\/v2\/posts\/5800\/revisions"}],"predecessor-version":[{"id":5802,"href":"http:\/\/commune-loffre.fr\/index.php\/wp-json\/wp\/v2\/posts\/5800\/revisions\/5802"}],"wp:featuredmedia":[{"embeddable":true,"href":"http:\/\/commune-loffre.fr\/index.php\/wp-json\/wp\/v2\/media\/5801"}],"wp:attachment":[{"href":"http:\/\/commune-loffre.fr\/index.php\/wp-json\/wp\/v2\/media?parent=5800"}],"wp:term":[{"taxonomy":"category","embeddable":true,"href":"http:\/\/commune-loffre.fr\/index.php\/wp-json\/wp\/v2\/categories?post=5800"},{"taxonomy":"post_tag","embeddable":true,"href":"http:\/\/commune-loffre.fr\/index.php\/wp-json\/wp\/v2\/tags?post=5800"}],"curies":[{"name":"wp","href":"https:\/\/api.w.org\/{rel}","templated":true}]}}