{"id":5789,"date":"2021-07-20T00:10:23","date_gmt":"2021-07-19T23:10:23","guid":{"rendered":"http:\/\/commune-loffre.fr\/?p=5789"},"modified":"2021-08-01T17:01:51","modified_gmt":"2021-08-01T16:01:51","slug":"centre-aere-2","status":"publish","type":"post","link":"http:\/\/commune-loffre.fr\/index.php\/2021\/07\/20\/centre-aere-2\/","title":{"rendered":"Centre A\u00e9r\u00e9"},"content":{"rendered":"\n<p>Le centre a\u00e9r\u00e9 a d\u00e9but\u00e9 sur des chapeaux de roues. Le vendredi 16 juin 2021, la directrice et ses animateurs ont emmen\u00e9 les enfants \u00e0  Equhen : d\u00e9couverte de la faune et de la flore aquatique avec un guide, pique nique et balade sur la plage. Le soleil \u00e9tait au rendez vous.<\/p>\n\n\n\n<ul class=\"wp-block-gallery columns-3 is-cropped wp-block-gallery-1 is-layout-flex wp-block-gallery-is-layout-flex\"><li class=\"blocks-gallery-item\"><figure><img loading=\"lazy\" decoding=\"async\" width=\"756\" height=\"426\" src=\"http:\/\/commune-loffre.fr\/wp-content\/uploads\/2021\/07\/received_129146975952132.jpeg\" alt=\"\" data-id=\"5790\" data-link=\"http:\/\/commune-loffre.fr\/?attachment_id=5790\" class=\"wp-image-5790\" srcset=\"http:\/\/commune-loffre.fr\/wp-content\/uploads\/2021\/07\/received_129146975952132.jpeg 756w, http:\/\/commune-loffre.fr\/wp-content\/uploads\/2021\/07\/received_129146975952132-300x169.jpeg 300w, http:\/\/commune-loffre.fr\/wp-content\/uploads\/2021\/07\/received_129146975952132-624x352.jpeg 624w\" sizes=\"(max-width: 756px) 100vw, 756px\" \/><\/figure><\/li><li class=\"blocks-gallery-item\"><figure><img loading=\"lazy\" decoding=\"async\" width=\"756\" height=\"426\" src=\"http:\/\/commune-loffre.fr\/wp-content\/uploads\/2021\/07\/received_500708481011043.jpeg\" alt=\"\" data-id=\"5791\" data-link=\"http:\/\/commune-loffre.fr\/?attachment_id=5791\" class=\"wp-image-5791\" srcset=\"http:\/\/commune-loffre.fr\/wp-content\/uploads\/2021\/07\/received_500708481011043.jpeg 756w, http:\/\/commune-loffre.fr\/wp-content\/uploads\/2021\/07\/received_500708481011043-300x169.jpeg 300w, http:\/\/commune-loffre.fr\/wp-content\/uploads\/2021\/07\/received_500708481011043-624x352.jpeg 624w\" sizes=\"(max-width: 756px) 100vw, 756px\" \/><\/figure><\/li><li class=\"blocks-gallery-item\"><figure><img loading=\"lazy\" decoding=\"async\" width=\"756\" height=\"426\" src=\"http:\/\/commune-loffre.fr\/wp-content\/uploads\/2021\/07\/received_973338263466445.jpeg\" alt=\"\" data-id=\"5792\" data-link=\"http:\/\/commune-loffre.fr\/?attachment_id=5792\" class=\"wp-image-5792\" srcset=\"http:\/\/commune-loffre.fr\/wp-content\/uploads\/2021\/07\/received_973338263466445.jpeg 756w, http:\/\/commune-loffre.fr\/wp-content\/uploads\/2021\/07\/received_973338263466445-300x169.jpeg 300w, http:\/\/commune-loffre.fr\/wp-content\/uploads\/2021\/07\/received_973338263466445-624x352.jpeg 624w\" sizes=\"(max-width: 756px) 100vw, 756px\" \/><\/figure><\/li><\/ul>\n","protected":false},"excerpt":{"rendered":"<p>Le centre a\u00e9r\u00e9 a d\u00e9but\u00e9 sur des chapeaux de roues. Le vendredi 16 juin 2021, la directrice et ses animateurs ont emmen\u00e9 les enfants \u00e0 Equhen : d\u00e9couverte de la&#8230; <a href=\"http:\/\/commune-loffre.fr\/index.php\/2021\/07\/20\/centre-aere-2\/\">Read more &raquo;<\/a><\/p>\n","protected":false},"author":1,"featured_media":5791,"comment_status":"closed","ping_status":"closed","sticky":false,"template":"","format":"standard","meta":{"footnotes":""},"categories":[1],"tags":[],"_links":{"self":[{"href":"http:\/\/commune-loffre.fr\/index.php\/wp-json\/wp\/v2\/posts\/5789"}],"collection":[{"href":"http:\/\/commune-loffre.fr\/index.php\/wp-json\/wp\/v2\/posts"}],"about":[{"href":"http:\/\/commune-loffre.fr\/index.php\/wp-json\/wp\/v2\/types\/post"}],"author":[{"embeddable":true,"href":"http:\/\/commune-loffre.fr\/index.php\/wp-json\/wp\/v2\/users\/1"}],"replies":[{"embeddable":true,"href":"http:\/\/commune-loffre.fr\/index.php\/wp-json\/wp\/v2\/comments?post=5789"}],"version-history":[{"count":2,"href":"http:\/\/commune-loffre.fr\/index.php\/wp-json\/wp\/v2\/posts\/5789\/revisions"}],"predecessor-version":[{"id":5799,"href":"http:\/\/commune-loffre.fr\/index.php\/wp-json\/wp\/v2\/posts\/5789\/revisions\/5799"}],"wp:featuredmedia":[{"embeddable":true,"href":"http:\/\/commune-loffre.fr\/index.php\/wp-json\/wp\/v2\/media\/5791"}],"wp:attachment":[{"href":"http:\/\/commune-loffre.fr\/index.php\/wp-json\/wp\/v2\/media?parent=5789"}],"wp:term":[{"taxonomy":"category","embeddable":true,"href":"http:\/\/commune-loffre.fr\/index.php\/wp-json\/wp\/v2\/categories?post=5789"},{"taxonomy":"post_tag","embeddable":true,"href":"http:\/\/commune-loffre.fr\/index.php\/wp-json\/wp\/v2\/tags?post=5789"}],"curies":[{"name":"wp","href":"https:\/\/api.w.org\/{rel}","templated":true}]}}