{"id":5786,"date":"2021-07-19T16:36:05","date_gmt":"2021-07-19T15:36:05","guid":{"rendered":"http:\/\/commune-loffre.fr\/?p=5786"},"modified":"2021-08-01T17:01:05","modified_gmt":"2021-08-01T16:01:05","slug":"centre-aere","status":"publish","type":"post","link":"http:\/\/commune-loffre.fr\/index.php\/2021\/07\/19\/centre-aere\/","title":{"rendered":"Biblioporteur"},"content":{"rendered":"\n<p>Le jeudi 15\njuillet 2021, le Biblioporteur de la CCCO s&rsquo;est install\u00e9 sur LOFFRE. Les 39\nenfants du centre a\u00e9r\u00e9 et quelques visiteurs ont profit\u00e9 des animations\npropos\u00e9es par la biblioth\u00e8que itin\u00e9rante de plein air. Merci aux conseill\u00e8res\nmunicipales pour avoir partag\u00e9 ces moments de lecture avec les enfants.\nL&rsquo;apr\u00e8s-midi s&rsquo;est termin\u00e9e par un concert gratuit du duo \u00ab\u00a0les boules qui\nest-ce ?\u00a0\u00bb<\/p>\n\n\n\n<ul class=\"wp-block-gallery columns-2 is-cropped wp-block-gallery-1 is-layout-flex wp-block-gallery-is-layout-flex\"><li class=\"blocks-gallery-item\"><figure><img loading=\"lazy\" decoding=\"async\" width=\"1000\" height=\"750\" src=\"http:\/\/commune-loffre.fr\/wp-content\/uploads\/2021\/07\/bibliporteur-3.jpg\" alt=\"\" data-id=\"5797\" data-link=\"http:\/\/commune-loffre.fr\/index.php\/2021\/07\/19\/centre-aere\/bibliporteur-3\/\" class=\"wp-image-5797\" srcset=\"http:\/\/commune-loffre.fr\/wp-content\/uploads\/2021\/07\/bibliporteur-3.jpg 1000w, http:\/\/commune-loffre.fr\/wp-content\/uploads\/2021\/07\/bibliporteur-3-300x225.jpg 300w, http:\/\/commune-loffre.fr\/wp-content\/uploads\/2021\/07\/bibliporteur-3-768x576.jpg 768w, http:\/\/commune-loffre.fr\/wp-content\/uploads\/2021\/07\/bibliporteur-3-624x468.jpg 624w, http:\/\/commune-loffre.fr\/wp-content\/uploads\/2021\/07\/bibliporteur-3-240x180.jpg 240w\" sizes=\"(max-width: 1000px) 100vw, 1000px\" \/><\/figure><\/li><li class=\"blocks-gallery-item\"><figure><img loading=\"lazy\" decoding=\"async\" width=\"1000\" height=\"750\" src=\"http:\/\/commune-loffre.fr\/wp-content\/uploads\/2021\/08\/IMG_20210715_173916_resized_20210720_054737594.jpg\" alt=\"\" data-id=\"5795\" data-link=\"http:\/\/commune-loffre.fr\/index.php\/2021\/07\/19\/centre-aere\/img_20210715_173916_resized_20210720_054737594\/\" class=\"wp-image-5795\" srcset=\"http:\/\/commune-loffre.fr\/wp-content\/uploads\/2021\/08\/IMG_20210715_173916_resized_20210720_054737594.jpg 1000w, http:\/\/commune-loffre.fr\/wp-content\/uploads\/2021\/08\/IMG_20210715_173916_resized_20210720_054737594-300x225.jpg 300w, http:\/\/commune-loffre.fr\/wp-content\/uploads\/2021\/08\/IMG_20210715_173916_resized_20210720_054737594-768x576.jpg 768w, http:\/\/commune-loffre.fr\/wp-content\/uploads\/2021\/08\/IMG_20210715_173916_resized_20210720_054737594-624x468.jpg 624w, http:\/\/commune-loffre.fr\/wp-content\/uploads\/2021\/08\/IMG_20210715_173916_resized_20210720_054737594-240x180.jpg 240w\" sizes=\"(max-width: 1000px) 100vw, 1000px\" \/><\/figure><\/li><\/ul>\n\n\n\n<p>UN grand\nMERCI pour ce moment de convivialit\u00e9!!!<\/p>\n","protected":false},"excerpt":{"rendered":"<p>Le jeudi 15 juillet 2021, le Biblioporteur de la CCCO s&rsquo;est install\u00e9 sur LOFFRE. Les 39 enfants du centre a\u00e9r\u00e9 et quelques visiteurs ont profit\u00e9 des animations propos\u00e9es par la&#8230; <a href=\"http:\/\/commune-loffre.fr\/index.php\/2021\/07\/19\/centre-aere\/\">Read more &raquo;<\/a><\/p>\n","protected":false},"author":1,"featured_media":5795,"comment_status":"closed","ping_status":"closed","sticky":false,"template":"","format":"standard","meta":{"footnotes":""},"categories":[1],"tags":[],"_links":{"self":[{"href":"http:\/\/commune-loffre.fr\/index.php\/wp-json\/wp\/v2\/posts\/5786"}],"collection":[{"href":"http:\/\/commune-loffre.fr\/index.php\/wp-json\/wp\/v2\/posts"}],"about":[{"href":"http:\/\/commune-loffre.fr\/index.php\/wp-json\/wp\/v2\/types\/post"}],"author":[{"embeddable":true,"href":"http:\/\/commune-loffre.fr\/index.php\/wp-json\/wp\/v2\/users\/1"}],"replies":[{"embeddable":true,"href":"http:\/\/commune-loffre.fr\/index.php\/wp-json\/wp\/v2\/comments?post=5786"}],"version-history":[{"count":4,"href":"http:\/\/commune-loffre.fr\/index.php\/wp-json\/wp\/v2\/posts\/5786\/revisions"}],"predecessor-version":[{"id":5798,"href":"http:\/\/commune-loffre.fr\/index.php\/wp-json\/wp\/v2\/posts\/5786\/revisions\/5798"}],"wp:featuredmedia":[{"embeddable":true,"href":"http:\/\/commune-loffre.fr\/index.php\/wp-json\/wp\/v2\/media\/5795"}],"wp:attachment":[{"href":"http:\/\/commune-loffre.fr\/index.php\/wp-json\/wp\/v2\/media?parent=5786"}],"wp:term":[{"taxonomy":"category","embeddable":true,"href":"http:\/\/commune-loffre.fr\/index.php\/wp-json\/wp\/v2\/categories?post=5786"},{"taxonomy":"post_tag","embeddable":true,"href":"http:\/\/commune-loffre.fr\/index.php\/wp-json\/wp\/v2\/tags?post=5786"}],"curies":[{"name":"wp","href":"https:\/\/api.w.org\/{rel}","templated":true}]}}