{"id":5765,"date":"2021-07-06T15:19:23","date_gmt":"2021-07-06T14:19:23","guid":{"rendered":"http:\/\/commune-loffre.fr\/?p=5765"},"modified":"2021-07-06T15:19:23","modified_gmt":"2021-07-06T14:19:23","slug":"reunion-dinfo-centre-aere","status":"publish","type":"post","link":"http:\/\/commune-loffre.fr\/index.php\/2021\/07\/06\/reunion-dinfo-centre-aere\/","title":{"rendered":"R\u00e9union d&rsquo;info Centre A\u00e9r\u00e9"},"content":{"rendered":"\n<p>Ce lundi 5\njuillet 2021, s&rsquo;est tenue la r\u00e9union de pr\u00e9sentation du centre de loisirs 2021\nsur le pr\u00e9au de l&rsquo;\u00e9cole Henri Matisse. Madame LARIVIERE, adjointe aux affaires\nsociales a pr\u00e9sent\u00e9 aux parents les animateurs du centre : Marie H\u00e9l\u00e8ne Dupuis,\ndirectrice dipl\u00f4m\u00e9e du BEAFD, Mathilde et Fr\u00e9d\u00e9rique, dipl\u00f4m\u00e9es du BAFA , Hugo\net Lysa, stagiaires. Le centre accueillera 39 enfants de 4 \u00e0 12 ans. Madame\nLARIVIERE a pr\u00e9cis\u00e9 qu&rsquo;il n&rsquo;y aurait pas de brassage entre les groupes, que les\ngestes barri\u00e8res seraient respect\u00e9s (gel, masques et lavages fr\u00e9quents des\nmains). De nombreuses animations et sorties attendent les enfants. Le th\u00e8me de\ncette ann\u00e9e : les animaux. C&rsquo;est parti pour plusieurs semaines d&rsquo;activit\u00e9s!!!<\/p>\n","protected":false},"excerpt":{"rendered":"<p>Ce lundi 5 juillet 2021, s&rsquo;est tenue la r\u00e9union de pr\u00e9sentation du centre de loisirs 2021 sur le pr\u00e9au de l&rsquo;\u00e9cole Henri Matisse. Madame LARIVIERE, adjointe aux affaires sociales a&#8230; <a href=\"http:\/\/commune-loffre.fr\/index.php\/2021\/07\/06\/reunion-dinfo-centre-aere\/\">Read more &raquo;<\/a><\/p>\n","protected":false},"author":1,"featured_media":5766,"comment_status":"closed","ping_status":"closed","sticky":false,"template":"","format":"standard","meta":{"footnotes":""},"categories":[1],"tags":[],"_links":{"self":[{"href":"http:\/\/commune-loffre.fr\/index.php\/wp-json\/wp\/v2\/posts\/5765"}],"collection":[{"href":"http:\/\/commune-loffre.fr\/index.php\/wp-json\/wp\/v2\/posts"}],"about":[{"href":"http:\/\/commune-loffre.fr\/index.php\/wp-json\/wp\/v2\/types\/post"}],"author":[{"embeddable":true,"href":"http:\/\/commune-loffre.fr\/index.php\/wp-json\/wp\/v2\/users\/1"}],"replies":[{"embeddable":true,"href":"http:\/\/commune-loffre.fr\/index.php\/wp-json\/wp\/v2\/comments?post=5765"}],"version-history":[{"count":1,"href":"http:\/\/commune-loffre.fr\/index.php\/wp-json\/wp\/v2\/posts\/5765\/revisions"}],"predecessor-version":[{"id":5767,"href":"http:\/\/commune-loffre.fr\/index.php\/wp-json\/wp\/v2\/posts\/5765\/revisions\/5767"}],"wp:featuredmedia":[{"embeddable":true,"href":"http:\/\/commune-loffre.fr\/index.php\/wp-json\/wp\/v2\/media\/5766"}],"wp:attachment":[{"href":"http:\/\/commune-loffre.fr\/index.php\/wp-json\/wp\/v2\/media?parent=5765"}],"wp:term":[{"taxonomy":"category","embeddable":true,"href":"http:\/\/commune-loffre.fr\/index.php\/wp-json\/wp\/v2\/categories?post=5765"},{"taxonomy":"post_tag","embeddable":true,"href":"http:\/\/commune-loffre.fr\/index.php\/wp-json\/wp\/v2\/tags?post=5765"}],"curies":[{"name":"wp","href":"https:\/\/api.w.org\/{rel}","templated":true}]}}