{"id":5761,"date":"2021-07-06T15:14:35","date_gmt":"2021-07-06T14:14:35","guid":{"rendered":"http:\/\/commune-loffre.fr\/?p=5761"},"modified":"2021-07-10T13:26:20","modified_gmt":"2021-07-10T12:26:20","slug":"fete-des-peres-5","status":"publish","type":"post","link":"http:\/\/commune-loffre.fr\/index.php\/2021\/07\/06\/fete-des-peres-5\/","title":{"rendered":"F\u00eate des P\u00e8res"},"content":{"rendered":"\n<p>Le temps n\u2019y\n\u00e9tait pas mais les papas ont pu passer un moment convivial pour leur f\u00eate. Les\ngestes barri\u00e8res \u00e9taient toujours de rigueur. Un joli coffret de bi\u00e8res\nartisanales du Comptoir de Flore de H\u00e9nin Beaumont leurs a \u00e9t\u00e9 offerts. Un\ngrand MERCI aux messieurs du conseil qui ont contribu\u00e9 au bon d\u00e9roulement de la\nrencontre.<\/p>\n\n\n\n<ul class=\"wp-block-gallery columns-2 is-cropped wp-block-gallery-1 is-layout-flex wp-block-gallery-is-layout-flex\"><li class=\"blocks-gallery-item\"><figure><img loading=\"lazy\" decoding=\"async\" width=\"768\" height=\"1024\" src=\"http:\/\/commune-loffre.fr\/wp-content\/uploads\/2021\/07\/IMG-20210626-WA0003-768x1024.jpg\" alt=\"\" data-id=\"5777\" data-link=\"http:\/\/commune-loffre.fr\/index.php\/2021\/07\/06\/fete-des-peres-5\/img-20210626-wa0003\/\" class=\"wp-image-5777\" srcset=\"http:\/\/commune-loffre.fr\/wp-content\/uploads\/2021\/07\/IMG-20210626-WA0003-768x1024.jpg 768w, http:\/\/commune-loffre.fr\/wp-content\/uploads\/2021\/07\/IMG-20210626-WA0003-225x300.jpg 225w, http:\/\/commune-loffre.fr\/wp-content\/uploads\/2021\/07\/IMG-20210626-WA0003-624x832.jpg 624w, http:\/\/commune-loffre.fr\/wp-content\/uploads\/2021\/07\/IMG-20210626-WA0003.jpg 1200w\" sizes=\"(max-width: 768px) 100vw, 768px\" \/><\/figure><\/li><li class=\"blocks-gallery-item\"><figure><img loading=\"lazy\" decoding=\"async\" width=\"1024\" height=\"768\" src=\"http:\/\/commune-loffre.fr\/wp-content\/uploads\/2021\/07\/IMG_20210630_171517-1024x768.jpg\" alt=\"\" data-id=\"5778\" data-link=\"http:\/\/commune-loffre.fr\/index.php\/2021\/07\/06\/fete-des-peres-5\/img_20210630_171517\/\" class=\"wp-image-5778\" srcset=\"http:\/\/commune-loffre.fr\/wp-content\/uploads\/2021\/07\/IMG_20210630_171517-1024x768.jpg 1024w, http:\/\/commune-loffre.fr\/wp-content\/uploads\/2021\/07\/IMG_20210630_171517-300x225.jpg 300w, http:\/\/commune-loffre.fr\/wp-content\/uploads\/2021\/07\/IMG_20210630_171517-768x576.jpg 768w, http:\/\/commune-loffre.fr\/wp-content\/uploads\/2021\/07\/IMG_20210630_171517-624x468.jpg 624w, http:\/\/commune-loffre.fr\/wp-content\/uploads\/2021\/07\/IMG_20210630_171517-240x180.jpg 240w\" sizes=\"(max-width: 1024px) 100vw, 1024px\" \/><\/figure><\/li><\/ul>\n","protected":false},"excerpt":{"rendered":"<p>Le temps n\u2019y \u00e9tait pas mais les papas ont pu passer un moment convivial pour leur f\u00eate. Les gestes barri\u00e8res \u00e9taient toujours de rigueur. Un joli coffret de bi\u00e8res artisanales&#8230; <a href=\"http:\/\/commune-loffre.fr\/index.php\/2021\/07\/06\/fete-des-peres-5\/\">Read more &raquo;<\/a><\/p>\n","protected":false},"author":1,"featured_media":0,"comment_status":"closed","ping_status":"closed","sticky":false,"template":"","format":"standard","meta":{"footnotes":""},"categories":[1],"tags":[],"_links":{"self":[{"href":"http:\/\/commune-loffre.fr\/index.php\/wp-json\/wp\/v2\/posts\/5761"}],"collection":[{"href":"http:\/\/commune-loffre.fr\/index.php\/wp-json\/wp\/v2\/posts"}],"about":[{"href":"http:\/\/commune-loffre.fr\/index.php\/wp-json\/wp\/v2\/types\/post"}],"author":[{"embeddable":true,"href":"http:\/\/commune-loffre.fr\/index.php\/wp-json\/wp\/v2\/users\/1"}],"replies":[{"embeddable":true,"href":"http:\/\/commune-loffre.fr\/index.php\/wp-json\/wp\/v2\/comments?post=5761"}],"version-history":[{"count":3,"href":"http:\/\/commune-loffre.fr\/index.php\/wp-json\/wp\/v2\/posts\/5761\/revisions"}],"predecessor-version":[{"id":5779,"href":"http:\/\/commune-loffre.fr\/index.php\/wp-json\/wp\/v2\/posts\/5761\/revisions\/5779"}],"wp:attachment":[{"href":"http:\/\/commune-loffre.fr\/index.php\/wp-json\/wp\/v2\/media?parent=5761"}],"wp:term":[{"taxonomy":"category","embeddable":true,"href":"http:\/\/commune-loffre.fr\/index.php\/wp-json\/wp\/v2\/categories?post=5761"},{"taxonomy":"post_tag","embeddable":true,"href":"http:\/\/commune-loffre.fr\/index.php\/wp-json\/wp\/v2\/tags?post=5761"}],"curies":[{"name":"wp","href":"https:\/\/api.w.org\/{rel}","templated":true}]}}