{"id":5741,"date":"2021-06-23T18:11:22","date_gmt":"2021-06-23T17:11:22","guid":{"rendered":"http:\/\/commune-loffre.fr\/?p=5741"},"modified":"2021-06-23T18:15:16","modified_gmt":"2021-06-23T17:15:16","slug":"recensement-des-hirondelles","status":"publish","type":"post","link":"http:\/\/commune-loffre.fr\/index.php\/2021\/06\/23\/recensement-des-hirondelles\/","title":{"rendered":"Recensement  des hirondelles"},"content":{"rendered":"\n<div class=\"wp-block-button\"><a class=\"wp-block-button__link has-text-color has-very-light-gray-color has-background has-vivid-red-background-color\" href=\"http:\/\/commune-loffre.fr\/wp-content\/uploads\/2021\/06\/Hirondelles-LOFFRE-Delphine.pdf\">T\u00e9l\u00e9chargez le document de Participation au Recensement<\/a><\/div>\n\n\n\n<p> La disparition inqui\u00e9tante des hirondelles,  fait que la Ligue pour la Protection des Oiseaux (LPO Nord), lance, en accord avec la municipalit\u00e9,  un programme de sensibilisation et de recensement aupr\u00e8s des habitants et des entreprises. <br> Ce programme concerne les trois esp\u00e8ces d\u2019hirondelles (fen\u00eatre, rustique, rivage) et les martinets. Dans la mesure du possible, cette enqu\u00eate vise la collecte du nombre de nids et de nichoirs occup\u00e9s ou non, le nombre d\u2019hirondelles et le nombre de jeunes. Cette enqu\u00eate se terminera fin septembre, avant la migration. Seront recueillies aussi, des informations sur les ann\u00e9es pass\u00e9es, pour ceux qui les d\u00e9tiennent. <br> Pour cela, un document de recensement est disponible soit \u00e0 la mairie, soit prochainement sur le site internet de la mairie. Ce document ou des informations compl\u00e9mentaires peuvent aussi \u00eatre fournis \u00e0 la demande \u00e0 l\u2019adresse marcodelphine003@aol.com<br> Le  bilan du recensement sera communiqu\u00e9 \u00e0 la mairie.<br> La LPO rappelle que l\u2019hirondelle est une esp\u00e8ce prot\u00e9g\u00e9e, et la destruction des nids est interdite. La pose de nichoirs est vivement conseill\u00e9e. Chacun doit jouer un r\u00f4le dans sa pr\u00e9servation.<\/p>\n","protected":false},"excerpt":{"rendered":"<p>La disparition inqui\u00e9tante des hirondelles, fait que la Ligue pour la Protection des Oiseaux (LPO Nord), lance, en accord avec la municipalit\u00e9, un programme de sensibilisation et de recensement aupr\u00e8s&#8230; <a href=\"http:\/\/commune-loffre.fr\/index.php\/2021\/06\/23\/recensement-des-hirondelles\/\">Read more &raquo;<\/a><\/p>\n","protected":false},"author":1,"featured_media":5742,"comment_status":"closed","ping_status":"closed","sticky":false,"template":"","format":"standard","meta":{"footnotes":""},"categories":[1],"tags":[],"_links":{"self":[{"href":"http:\/\/commune-loffre.fr\/index.php\/wp-json\/wp\/v2\/posts\/5741"}],"collection":[{"href":"http:\/\/commune-loffre.fr\/index.php\/wp-json\/wp\/v2\/posts"}],"about":[{"href":"http:\/\/commune-loffre.fr\/index.php\/wp-json\/wp\/v2\/types\/post"}],"author":[{"embeddable":true,"href":"http:\/\/commune-loffre.fr\/index.php\/wp-json\/wp\/v2\/users\/1"}],"replies":[{"embeddable":true,"href":"http:\/\/commune-loffre.fr\/index.php\/wp-json\/wp\/v2\/comments?post=5741"}],"version-history":[{"count":6,"href":"http:\/\/commune-loffre.fr\/index.php\/wp-json\/wp\/v2\/posts\/5741\/revisions"}],"predecessor-version":[{"id":5749,"href":"http:\/\/commune-loffre.fr\/index.php\/wp-json\/wp\/v2\/posts\/5741\/revisions\/5749"}],"wp:featuredmedia":[{"embeddable":true,"href":"http:\/\/commune-loffre.fr\/index.php\/wp-json\/wp\/v2\/media\/5742"}],"wp:attachment":[{"href":"http:\/\/commune-loffre.fr\/index.php\/wp-json\/wp\/v2\/media?parent=5741"}],"wp:term":[{"taxonomy":"category","embeddable":true,"href":"http:\/\/commune-loffre.fr\/index.php\/wp-json\/wp\/v2\/categories?post=5741"},{"taxonomy":"post_tag","embeddable":true,"href":"http:\/\/commune-loffre.fr\/index.php\/wp-json\/wp\/v2\/tags?post=5741"}],"curies":[{"name":"wp","href":"https:\/\/api.w.org\/{rel}","templated":true}]}}