{"id":5737,"date":"2021-06-23T18:06:59","date_gmt":"2021-06-23T17:06:59","guid":{"rendered":"http:\/\/commune-loffre.fr\/?p=5737"},"modified":"2021-06-23T18:06:59","modified_gmt":"2021-06-23T17:06:59","slug":"la-qualite-de-lair-dans-lecole","status":"publish","type":"post","link":"http:\/\/commune-loffre.fr\/index.php\/2021\/06\/23\/la-qualite-de-lair-dans-lecole\/","title":{"rendered":"La Qualit\u00e9 de l\u2019air dans l\u2019\u00e9cole"},"content":{"rendered":"\n<p>La Qualit\u00e9 de l\u2019air dans l\u2019\u00e9cole, une priorit\u00e9 pour la\nsant\u00e9 de nos jeunes loffriens <\/p>\n\n\n\n<p><strong>En partenariat avec la\nCCCO et l\u2019ATMO Hauts de France<\/strong>, s\u2019est d\u00e9roul\u00e9 \u00e0 la salle\npolyvalente de LOFFRE le mercredi 16 juin une journ\u00e9e d\u2019\u00e9tude pour les \u00ab&nbsp;<strong>r\u00e9f\u00e9rents&nbsp;qualit\u00e9 de l\u2019air int\u00e9rieur<\/strong>&nbsp;\u00bb\ndu territoire. <\/p>\n\n\n\n<p>La\npollution atmosph\u00e9rique est un enjeu sanitaire et la r\u00e9glementation en vigueur\nprot\u00e8ge la sant\u00e9 des enfants qui restent \u00e0 leur jeune \u00e2ge, vuln\u00e9rables. <\/p>\n\n\n\n<figure class=\"wp-block-image\"><img loading=\"lazy\" decoding=\"async\" width=\"915\" height=\"684\" src=\"http:\/\/commune-loffre.fr\/wp-content\/uploads\/2021\/06\/qualit\u00e9-air-2.jpg\" alt=\"\" class=\"wp-image-5738\" srcset=\"http:\/\/commune-loffre.fr\/wp-content\/uploads\/2021\/06\/qualit\u00e9-air-2.jpg 915w, http:\/\/commune-loffre.fr\/wp-content\/uploads\/2021\/06\/qualit\u00e9-air-2-300x224.jpg 300w, http:\/\/commune-loffre.fr\/wp-content\/uploads\/2021\/06\/qualit\u00e9-air-2-768x574.jpg 768w, http:\/\/commune-loffre.fr\/wp-content\/uploads\/2021\/06\/qualit\u00e9-air-2-624x466.jpg 624w, http:\/\/commune-loffre.fr\/wp-content\/uploads\/2021\/06\/qualit\u00e9-air-2-240x180.jpg 240w\" sizes=\"(max-width: 915px) 100vw, 915px\" \/><\/figure>\n\n\n\n<p>La qualit\u00e9 de l&rsquo;air constitue un enjeu sanitaire et\nenvironnemental pour les enfants de notre \u00e9cole <\/p>\n\n\n\n<figure class=\"wp-block-image\"><img loading=\"lazy\" decoding=\"async\" width=\"796\" height=\"595\" src=\"http:\/\/commune-loffre.fr\/wp-content\/uploads\/2021\/06\/qualit\u00e9-air-1.jpg\" alt=\"\" class=\"wp-image-5739\" srcset=\"http:\/\/commune-loffre.fr\/wp-content\/uploads\/2021\/06\/qualit\u00e9-air-1.jpg 796w, http:\/\/commune-loffre.fr\/wp-content\/uploads\/2021\/06\/qualit\u00e9-air-1-300x224.jpg 300w, http:\/\/commune-loffre.fr\/wp-content\/uploads\/2021\/06\/qualit\u00e9-air-1-768x574.jpg 768w, http:\/\/commune-loffre.fr\/wp-content\/uploads\/2021\/06\/qualit\u00e9-air-1-624x466.jpg 624w, http:\/\/commune-loffre.fr\/wp-content\/uploads\/2021\/06\/qualit\u00e9-air-1-240x180.jpg 240w\" sizes=\"(max-width: 796px) 100vw, 796px\" \/><\/figure>\n\n\n\n<p><strong>La\ncommune de LOFFRE s\u2019est engag\u00e9e<\/strong> dans le programme \u00ab&nbsp;a\u00e8re-toi&nbsp;\u00bb pour optimiser la qualit\u00e9 de l\u2019air \u00e0 l\u2019int\u00e9rieur des b\u00e2timents \u00e9cole et\ncantine. Une bonne qualit\u00e9 de l\u2019air int\u00e9rieur d\u2019un b\u00e2timent a un effet positif\nd\u00e9montr\u00e9 sur le bien-\u00eatre des occupants et l\u2019apprentissage des enfants.<\/p>\n","protected":false},"excerpt":{"rendered":"<p>La Qualit\u00e9 de l\u2019air dans l\u2019\u00e9cole, une priorit\u00e9 pour la sant\u00e9 de nos jeunes loffriens En partenariat avec la CCCO et l\u2019ATMO Hauts de France, s\u2019est d\u00e9roul\u00e9 \u00e0 la salle&#8230; <a href=\"http:\/\/commune-loffre.fr\/index.php\/2021\/06\/23\/la-qualite-de-lair-dans-lecole\/\">Read more &raquo;<\/a><\/p>\n","protected":false},"author":1,"featured_media":0,"comment_status":"closed","ping_status":"closed","sticky":false,"template":"","format":"standard","meta":{"footnotes":""},"categories":[1],"tags":[],"_links":{"self":[{"href":"http:\/\/commune-loffre.fr\/index.php\/wp-json\/wp\/v2\/posts\/5737"}],"collection":[{"href":"http:\/\/commune-loffre.fr\/index.php\/wp-json\/wp\/v2\/posts"}],"about":[{"href":"http:\/\/commune-loffre.fr\/index.php\/wp-json\/wp\/v2\/types\/post"}],"author":[{"embeddable":true,"href":"http:\/\/commune-loffre.fr\/index.php\/wp-json\/wp\/v2\/users\/1"}],"replies":[{"embeddable":true,"href":"http:\/\/commune-loffre.fr\/index.php\/wp-json\/wp\/v2\/comments?post=5737"}],"version-history":[{"count":1,"href":"http:\/\/commune-loffre.fr\/index.php\/wp-json\/wp\/v2\/posts\/5737\/revisions"}],"predecessor-version":[{"id":5740,"href":"http:\/\/commune-loffre.fr\/index.php\/wp-json\/wp\/v2\/posts\/5737\/revisions\/5740"}],"wp:attachment":[{"href":"http:\/\/commune-loffre.fr\/index.php\/wp-json\/wp\/v2\/media?parent=5737"}],"wp:term":[{"taxonomy":"category","embeddable":true,"href":"http:\/\/commune-loffre.fr\/index.php\/wp-json\/wp\/v2\/categories?post=5737"},{"taxonomy":"post_tag","embeddable":true,"href":"http:\/\/commune-loffre.fr\/index.php\/wp-json\/wp\/v2\/tags?post=5737"}],"curies":[{"name":"wp","href":"https:\/\/api.w.org\/{rel}","templated":true}]}}