{"id":5726,"date":"2021-06-17T23:00:24","date_gmt":"2021-06-17T22:00:24","guid":{"rendered":"http:\/\/commune-loffre.fr\/?p=5726"},"modified":"2021-06-17T23:00:24","modified_gmt":"2021-06-17T22:00:24","slug":"fete-des-peres-4","status":"publish","type":"post","link":"http:\/\/commune-loffre.fr\/index.php\/2021\/06\/17\/fete-des-peres-4\/","title":{"rendered":"F\u00eate des P\u00e8res"},"content":{"rendered":"\n<p>Suite au\nchangement des dates pour les \u00e9lections r\u00e9gionales et d\u00e9partementales, la f\u00eate\ndes p\u00e8res aura lieu le 26 juin 2021 \u00e0 11h sur le parking de la salle des f\u00eates.<\/p>\n","protected":false},"excerpt":{"rendered":"<p>Suite au changement des dates pour les \u00e9lections r\u00e9gionales et d\u00e9partementales, la f\u00eate des p\u00e8res aura lieu le 26 juin 2021 \u00e0 11h sur le parking de la salle des&#8230; <a href=\"http:\/\/commune-loffre.fr\/index.php\/2021\/06\/17\/fete-des-peres-4\/\">Read more &raquo;<\/a><\/p>\n","protected":false},"author":1,"featured_media":0,"comment_status":"closed","ping_status":"closed","sticky":false,"template":"","format":"standard","meta":{"footnotes":""},"categories":[1],"tags":[],"_links":{"self":[{"href":"http:\/\/commune-loffre.fr\/index.php\/wp-json\/wp\/v2\/posts\/5726"}],"collection":[{"href":"http:\/\/commune-loffre.fr\/index.php\/wp-json\/wp\/v2\/posts"}],"about":[{"href":"http:\/\/commune-loffre.fr\/index.php\/wp-json\/wp\/v2\/types\/post"}],"author":[{"embeddable":true,"href":"http:\/\/commune-loffre.fr\/index.php\/wp-json\/wp\/v2\/users\/1"}],"replies":[{"embeddable":true,"href":"http:\/\/commune-loffre.fr\/index.php\/wp-json\/wp\/v2\/comments?post=5726"}],"version-history":[{"count":1,"href":"http:\/\/commune-loffre.fr\/index.php\/wp-json\/wp\/v2\/posts\/5726\/revisions"}],"predecessor-version":[{"id":5727,"href":"http:\/\/commune-loffre.fr\/index.php\/wp-json\/wp\/v2\/posts\/5726\/revisions\/5727"}],"wp:attachment":[{"href":"http:\/\/commune-loffre.fr\/index.php\/wp-json\/wp\/v2\/media?parent=5726"}],"wp:term":[{"taxonomy":"category","embeddable":true,"href":"http:\/\/commune-loffre.fr\/index.php\/wp-json\/wp\/v2\/categories?post=5726"},{"taxonomy":"post_tag","embeddable":true,"href":"http:\/\/commune-loffre.fr\/index.php\/wp-json\/wp\/v2\/tags?post=5726"}],"curies":[{"name":"wp","href":"https:\/\/api.w.org\/{rel}","templated":true}]}}