{"id":5707,"date":"2021-06-09T16:28:24","date_gmt":"2021-06-09T15:28:24","guid":{"rendered":"http:\/\/commune-loffre.fr\/?p=5707"},"modified":"2021-06-09T16:35:54","modified_gmt":"2021-06-09T15:35:54","slug":"fete-des-meres-2","status":"publish","type":"post","link":"http:\/\/commune-loffre.fr\/index.php\/2021\/06\/09\/fete-des-meres-2\/","title":{"rendered":"F\u00eate des M\u00e8res"},"content":{"rendered":"\n<p>Ce samedi 29\nmai 2021, en ext\u00e9rieur, sous un beau soleil, a eu lieu la premi\u00e8re f\u00eate en\nsortie du confinement. On a mis \u00e0 l&rsquo;honneur les mamans du village \u00e0 l&rsquo;occasion\nde la f\u00eate des m\u00e8res. 112 convives sont venues d\u00e9guster en respectant les\ngestes barri\u00e8res, boissons, douceurs sal\u00e9es et sucr\u00e9es servies par les\nmessieurs du Conseil Municipal. Les dames du Conseil ont remis aux mamans de\njolis paniers de diff\u00e9rentes tailles et couleurs au choix, \u00e9cologiques qu&rsquo;elles\npourront utiliser samedi 5 juin 2021 au march\u00e9 du village. Nous tenons \u00e0 remercier\ntoutes ces mamans pour ce moment de partage, de d\u00e9tente.<\/p>\n\n\n\n<ul class=\"wp-block-gallery columns-3 is-cropped wp-block-gallery-1 is-layout-flex wp-block-gallery-is-layout-flex\"><li class=\"blocks-gallery-item\"><figure><img loading=\"lazy\" decoding=\"async\" width=\"539\" height=\"244\" src=\"http:\/\/commune-loffre.fr\/wp-content\/uploads\/2021\/06\/Screenshot_20210530_204742_com.whatsapp.jpg\" alt=\"\" data-id=\"5708\" data-link=\"http:\/\/commune-loffre.fr\/?attachment_id=5708\" class=\"wp-image-5708\" srcset=\"http:\/\/commune-loffre.fr\/wp-content\/uploads\/2021\/06\/Screenshot_20210530_204742_com.whatsapp.jpg 539w, http:\/\/commune-loffre.fr\/wp-content\/uploads\/2021\/06\/Screenshot_20210530_204742_com.whatsapp-300x136.jpg 300w\" sizes=\"(max-width: 539px) 100vw, 539px\" \/><\/figure><\/li><li class=\"blocks-gallery-item\"><figure><img loading=\"lazy\" decoding=\"async\" width=\"539\" height=\"244\" src=\"http:\/\/commune-loffre.fr\/wp-content\/uploads\/2021\/06\/Screenshot_20210530_204732_com.whatsapp.jpg\" alt=\"\" data-id=\"5709\" data-link=\"http:\/\/commune-loffre.fr\/?attachment_id=5709\" class=\"wp-image-5709\" srcset=\"http:\/\/commune-loffre.fr\/wp-content\/uploads\/2021\/06\/Screenshot_20210530_204732_com.whatsapp.jpg 539w, http:\/\/commune-loffre.fr\/wp-content\/uploads\/2021\/06\/Screenshot_20210530_204732_com.whatsapp-300x136.jpg 300w\" sizes=\"(max-width: 539px) 100vw, 539px\" \/><\/figure><\/li><li class=\"blocks-gallery-item\"><figure><img loading=\"lazy\" decoding=\"async\" width=\"540\" height=\"242\" src=\"http:\/\/commune-loffre.fr\/wp-content\/uploads\/2021\/06\/Screenshot_20210530_204656_com.whatsapp.jpg\" alt=\"\" data-id=\"5710\" data-link=\"http:\/\/commune-loffre.fr\/?attachment_id=5710\" class=\"wp-image-5710\" srcset=\"http:\/\/commune-loffre.fr\/wp-content\/uploads\/2021\/06\/Screenshot_20210530_204656_com.whatsapp.jpg 540w, http:\/\/commune-loffre.fr\/wp-content\/uploads\/2021\/06\/Screenshot_20210530_204656_com.whatsapp-300x134.jpg 300w\" sizes=\"(max-width: 540px) 100vw, 540px\" \/><\/figure><\/li><li class=\"blocks-gallery-item\"><figure><img loading=\"lazy\" decoding=\"async\" width=\"268\" height=\"445\" src=\"http:\/\/commune-loffre.fr\/wp-content\/uploads\/2021\/06\/Screenshot_20210530_204614_com.whatsapp.jpg\" alt=\"\" data-id=\"5711\" data-link=\"http:\/\/commune-loffre.fr\/?attachment_id=5711\" class=\"wp-image-5711\" srcset=\"http:\/\/commune-loffre.fr\/wp-content\/uploads\/2021\/06\/Screenshot_20210530_204614_com.whatsapp.jpg 268w, http:\/\/commune-loffre.fr\/wp-content\/uploads\/2021\/06\/Screenshot_20210530_204614_com.whatsapp-181x300.jpg 181w\" sizes=\"(max-width: 268px) 100vw, 268px\" \/><\/figure><\/li><\/ul>\n","protected":false},"excerpt":{"rendered":"<p>Ce samedi 29 mai 2021, en ext\u00e9rieur, sous un beau soleil, a eu lieu la premi\u00e8re f\u00eate en sortie du confinement. On a mis \u00e0 l&rsquo;honneur les mamans du village&#8230; <a href=\"http:\/\/commune-loffre.fr\/index.php\/2021\/06\/09\/fete-des-meres-2\/\">Read more &raquo;<\/a><\/p>\n","protected":false},"author":1,"featured_media":5710,"comment_status":"closed","ping_status":"closed","sticky":false,"template":"","format":"standard","meta":{"footnotes":""},"categories":[1],"tags":[],"_links":{"self":[{"href":"http:\/\/commune-loffre.fr\/index.php\/wp-json\/wp\/v2\/posts\/5707"}],"collection":[{"href":"http:\/\/commune-loffre.fr\/index.php\/wp-json\/wp\/v2\/posts"}],"about":[{"href":"http:\/\/commune-loffre.fr\/index.php\/wp-json\/wp\/v2\/types\/post"}],"author":[{"embeddable":true,"href":"http:\/\/commune-loffre.fr\/index.php\/wp-json\/wp\/v2\/users\/1"}],"replies":[{"embeddable":true,"href":"http:\/\/commune-loffre.fr\/index.php\/wp-json\/wp\/v2\/comments?post=5707"}],"version-history":[{"count":1,"href":"http:\/\/commune-loffre.fr\/index.php\/wp-json\/wp\/v2\/posts\/5707\/revisions"}],"predecessor-version":[{"id":5712,"href":"http:\/\/commune-loffre.fr\/index.php\/wp-json\/wp\/v2\/posts\/5707\/revisions\/5712"}],"wp:featuredmedia":[{"embeddable":true,"href":"http:\/\/commune-loffre.fr\/index.php\/wp-json\/wp\/v2\/media\/5710"}],"wp:attachment":[{"href":"http:\/\/commune-loffre.fr\/index.php\/wp-json\/wp\/v2\/media?parent=5707"}],"wp:term":[{"taxonomy":"category","embeddable":true,"href":"http:\/\/commune-loffre.fr\/index.php\/wp-json\/wp\/v2\/categories?post=5707"},{"taxonomy":"post_tag","embeddable":true,"href":"http:\/\/commune-loffre.fr\/index.php\/wp-json\/wp\/v2\/tags?post=5707"}],"curies":[{"name":"wp","href":"https:\/\/api.w.org\/{rel}","templated":true}]}}