{"id":5700,"date":"2021-05-29T15:34:05","date_gmt":"2021-05-29T14:34:05","guid":{"rendered":"http:\/\/commune-loffre.fr\/?p=5700"},"modified":"2021-05-29T15:34:49","modified_gmt":"2021-05-29T14:34:49","slug":"la-fibre-2","status":"publish","type":"post","link":"http:\/\/commune-loffre.fr\/index.php\/2021\/05\/29\/la-fibre-2\/","title":{"rendered":"?? La FIBRE ??"},"content":{"rendered":"\n<p style=\"background-color:#ffdede\" class=\"has-background\">CAP FIBRE, l\u2019op\u00e9rateur du r\u00e9seau\npublic fibre optique organise un Facebook Live le mardi 8 juin \u00e0 18h30 \u00e0\ndestination des administr\u00e9s pour leurs donner toutes les bonnes informations\nrelatives \u00e0 l\u2019arriv\u00e9e de la fibre optique.<\/p>\n\n\n\n<p>Cet \u00e9v\u00e9nement va \u00e9galement permettre\naux administr\u00e9s d\u2019interagir avec nous et les fournisseurs d\u2019acc\u00e8s \u00e0 internet\ndans des salons virtuels.<\/p>\n\n\n\n<p>Le Facebook aura lieu sur notre page\nFacebook : <a href=\"https:\/\/www.facebook.com\/capfibre5962\" target=\"_blank\" rel=\"noreferrer noopener\">https:\/\/www.facebook.com\/capfibre5962<\/a><\/p>\n","protected":false},"excerpt":{"rendered":"<p>CAP FIBRE, l\u2019op\u00e9rateur du r\u00e9seau public fibre optique organise un Facebook Live le mardi 8 juin \u00e0 18h30 \u00e0 destination des administr\u00e9s pour leurs donner toutes les bonnes informations relatives&#8230; <a href=\"http:\/\/commune-loffre.fr\/index.php\/2021\/05\/29\/la-fibre-2\/\">Read more &raquo;<\/a><\/p>\n","protected":false},"author":1,"featured_media":0,"comment_status":"closed","ping_status":"closed","sticky":false,"template":"","format":"standard","meta":{"footnotes":""},"categories":[1],"tags":[],"_links":{"self":[{"href":"http:\/\/commune-loffre.fr\/index.php\/wp-json\/wp\/v2\/posts\/5700"}],"collection":[{"href":"http:\/\/commune-loffre.fr\/index.php\/wp-json\/wp\/v2\/posts"}],"about":[{"href":"http:\/\/commune-loffre.fr\/index.php\/wp-json\/wp\/v2\/types\/post"}],"author":[{"embeddable":true,"href":"http:\/\/commune-loffre.fr\/index.php\/wp-json\/wp\/v2\/users\/1"}],"replies":[{"embeddable":true,"href":"http:\/\/commune-loffre.fr\/index.php\/wp-json\/wp\/v2\/comments?post=5700"}],"version-history":[{"count":2,"href":"http:\/\/commune-loffre.fr\/index.php\/wp-json\/wp\/v2\/posts\/5700\/revisions"}],"predecessor-version":[{"id":5702,"href":"http:\/\/commune-loffre.fr\/index.php\/wp-json\/wp\/v2\/posts\/5700\/revisions\/5702"}],"wp:attachment":[{"href":"http:\/\/commune-loffre.fr\/index.php\/wp-json\/wp\/v2\/media?parent=5700"}],"wp:term":[{"taxonomy":"category","embeddable":true,"href":"http:\/\/commune-loffre.fr\/index.php\/wp-json\/wp\/v2\/categories?post=5700"},{"taxonomy":"post_tag","embeddable":true,"href":"http:\/\/commune-loffre.fr\/index.php\/wp-json\/wp\/v2\/tags?post=5700"}],"curies":[{"name":"wp","href":"https:\/\/api.w.org\/{rel}","templated":true}]}}