{"id":5693,"date":"2021-05-29T15:28:16","date_gmt":"2021-05-29T14:28:16","guid":{"rendered":"http:\/\/commune-loffre.fr\/?p=5693"},"modified":"2021-05-29T15:28:16","modified_gmt":"2021-05-29T14:28:16","slug":"info-fete-des-meres","status":"publish","type":"post","link":"http:\/\/commune-loffre.fr\/index.php\/2021\/05\/29\/info-fete-des-meres\/","title":{"rendered":"INFO F\u00eate des M\u00e8res"},"content":{"rendered":"\n<p>Pour donner suite aux restrictions sanitaires encore en place,<br> La F\u00eate des M\u00e8res aura lieu samedi 29 MAI \u00e0 partir de 16H00 sur<br> Le parking de la salle Polyvalente. Merci pour votre compr\u00e9hension.<\/p>\n","protected":false},"excerpt":{"rendered":"<p>Pour donner suite aux restrictions sanitaires encore en place, La F\u00eate des M\u00e8res aura lieu samedi 29 MAI \u00e0 partir de 16H00 sur Le parking de la salle Polyvalente. Merci&#8230; <a href=\"http:\/\/commune-loffre.fr\/index.php\/2021\/05\/29\/info-fete-des-meres\/\">Read more &raquo;<\/a><\/p>\n","protected":false},"author":1,"featured_media":0,"comment_status":"closed","ping_status":"closed","sticky":false,"template":"","format":"standard","meta":{"footnotes":""},"categories":[1],"tags":[],"_links":{"self":[{"href":"http:\/\/commune-loffre.fr\/index.php\/wp-json\/wp\/v2\/posts\/5693"}],"collection":[{"href":"http:\/\/commune-loffre.fr\/index.php\/wp-json\/wp\/v2\/posts"}],"about":[{"href":"http:\/\/commune-loffre.fr\/index.php\/wp-json\/wp\/v2\/types\/post"}],"author":[{"embeddable":true,"href":"http:\/\/commune-loffre.fr\/index.php\/wp-json\/wp\/v2\/users\/1"}],"replies":[{"embeddable":true,"href":"http:\/\/commune-loffre.fr\/index.php\/wp-json\/wp\/v2\/comments?post=5693"}],"version-history":[{"count":1,"href":"http:\/\/commune-loffre.fr\/index.php\/wp-json\/wp\/v2\/posts\/5693\/revisions"}],"predecessor-version":[{"id":5694,"href":"http:\/\/commune-loffre.fr\/index.php\/wp-json\/wp\/v2\/posts\/5693\/revisions\/5694"}],"wp:attachment":[{"href":"http:\/\/commune-loffre.fr\/index.php\/wp-json\/wp\/v2\/media?parent=5693"}],"wp:term":[{"taxonomy":"category","embeddable":true,"href":"http:\/\/commune-loffre.fr\/index.php\/wp-json\/wp\/v2\/categories?post=5693"},{"taxonomy":"post_tag","embeddable":true,"href":"http:\/\/commune-loffre.fr\/index.php\/wp-json\/wp\/v2\/tags?post=5693"}],"curies":[{"name":"wp","href":"https:\/\/api.w.org\/{rel}","templated":true}]}}