{"id":5691,"date":"2021-05-29T15:27:03","date_gmt":"2021-05-29T14:27:03","guid":{"rendered":"http:\/\/commune-loffre.fr\/?p=5691"},"modified":"2021-05-29T15:27:03","modified_gmt":"2021-05-29T14:27:03","slug":"la-fibre","status":"publish","type":"post","link":"http:\/\/commune-loffre.fr\/index.php\/2021\/05\/29\/la-fibre\/","title":{"rendered":"La Fibre !!"},"content":{"rendered":"\n<p>Les fournisseurs d&rsquo;acc\u00e8s \u00e0 internet\nsont les interlocuteurs privil\u00e9gi\u00e9s des citoyens.&nbsp;<\/p>\n\n\n\n<p>N\u00e9anmoins si un sujet particulier\nn&rsquo;a pas eu de r\u00e9ponse satisfaisante, vous pouvez contacter le num\u00e9ro vert 0 800\n159 162 ou v\u00e9rifier l&rsquo;avancement de votre \u00e9ligibilit\u00e9 \u00e0 l&rsquo;adresse de CAP FIBRE <a href=\"http:\/\/www.capfibre.fr\">www.capfibre.fr<\/a>.<\/p>\n\n\n\n<p>L&rsquo;ensemble de la commune devrait\n\u00eatre \u00e9ligible d&rsquo;ici la fin de l&rsquo;ann\u00e9e.<\/p>\n\n\n\n<p>FACEBOOK LIVE COMMERCIALISATION\nRESEAU FIBRE OPTIQUE :\n\nLes conditions sanitaires ne nous permettent d&rsquo;organiser des r\u00e9unions\npubliques afin d&rsquo;expliquer toutes les modalit\u00e9s d&rsquo;acc\u00e8s au tr\u00e8s haut d\u00e9bit. CAP\nFIBRE tr\u00e8s haut d\u00e9bit 59&amp;62 organise \u00e0 l&rsquo;intention des administr\u00e9s un Facebook&nbsp;\nLive \u00e0 la date du Mardi 8 juin 2021 \u00e0 18h30. il suffit \u00e0 chacun de se connecter\n\u00e0 la page Facebook de Cap Fibre \u00e0 cette date.\n\n\n\n<\/p>\n","protected":false},"excerpt":{"rendered":"<p>Les fournisseurs d&rsquo;acc\u00e8s \u00e0 internet sont les interlocuteurs privil\u00e9gi\u00e9s des citoyens.&nbsp; N\u00e9anmoins si un sujet particulier n&rsquo;a pas eu de r\u00e9ponse satisfaisante, vous pouvez contacter le num\u00e9ro vert 0 800&#8230; <a href=\"http:\/\/commune-loffre.fr\/index.php\/2021\/05\/29\/la-fibre\/\">Read more &raquo;<\/a><\/p>\n","protected":false},"author":1,"featured_media":0,"comment_status":"closed","ping_status":"closed","sticky":false,"template":"","format":"standard","meta":{"footnotes":""},"categories":[1],"tags":[],"_links":{"self":[{"href":"http:\/\/commune-loffre.fr\/index.php\/wp-json\/wp\/v2\/posts\/5691"}],"collection":[{"href":"http:\/\/commune-loffre.fr\/index.php\/wp-json\/wp\/v2\/posts"}],"about":[{"href":"http:\/\/commune-loffre.fr\/index.php\/wp-json\/wp\/v2\/types\/post"}],"author":[{"embeddable":true,"href":"http:\/\/commune-loffre.fr\/index.php\/wp-json\/wp\/v2\/users\/1"}],"replies":[{"embeddable":true,"href":"http:\/\/commune-loffre.fr\/index.php\/wp-json\/wp\/v2\/comments?post=5691"}],"version-history":[{"count":1,"href":"http:\/\/commune-loffre.fr\/index.php\/wp-json\/wp\/v2\/posts\/5691\/revisions"}],"predecessor-version":[{"id":5692,"href":"http:\/\/commune-loffre.fr\/index.php\/wp-json\/wp\/v2\/posts\/5691\/revisions\/5692"}],"wp:attachment":[{"href":"http:\/\/commune-loffre.fr\/index.php\/wp-json\/wp\/v2\/media?parent=5691"}],"wp:term":[{"taxonomy":"category","embeddable":true,"href":"http:\/\/commune-loffre.fr\/index.php\/wp-json\/wp\/v2\/categories?post=5691"},{"taxonomy":"post_tag","embeddable":true,"href":"http:\/\/commune-loffre.fr\/index.php\/wp-json\/wp\/v2\/tags?post=5691"}],"curies":[{"name":"wp","href":"https:\/\/api.w.org\/{rel}","templated":true}]}}