{"id":5686,"date":"2021-05-19T21:46:45","date_gmt":"2021-05-19T20:46:45","guid":{"rendered":"http:\/\/commune-loffre.fr\/?p=5686"},"modified":"2021-05-19T21:46:45","modified_gmt":"2021-05-19T20:46:45","slug":"mercredi-food-truck","status":"publish","type":"post","link":"http:\/\/commune-loffre.fr\/index.php\/2021\/05\/19\/mercredi-food-truck\/","title":{"rendered":"Mercredi Food Truck"},"content":{"rendered":"\n<p>L&rsquo;Atelier\nFood Truck s&rsquo;est install\u00e9 ce merci 19 mai 2021 \u00e0 c\u00f4t\u00e9 de la mairie. Il a\nremport\u00e9 un franc succ\u00e8s. Il s&rsquo;y installera chaque mercredi soir de 18h30 \u00e0 21h.\nDylan, ancien Loffrien, est soucieux &nbsp;de la qualit\u00e9 de ses produits\nlocaux. Nous confirmons : beaucoup de Loffriens se sont r\u00e9gal\u00e9s ce soir! Il va\nnous r\u00e9galer chaque mercredi avec ses diff\u00e9rents burgers, ses frites et ses\ndesserts maisons. Il est plus prudent de r\u00e9server d\u00e8s maintenant au\n06\/42\/98\/82\/76. Nous souhaitons la bienvenue \u00e0 Dylan.<\/p>\n\n\n\n<ul class=\"wp-block-gallery columns-2 is-cropped wp-block-gallery-1 is-layout-flex wp-block-gallery-is-layout-flex\"><li class=\"blocks-gallery-item\"><figure><img loading=\"lazy\" decoding=\"async\" width=\"756\" height=\"567\" src=\"http:\/\/commune-loffre.fr\/wp-content\/uploads\/2021\/05\/Screenshot_20210519_205042_com.whatsapp.jpg\" alt=\"\" data-id=\"5687\" data-link=\"http:\/\/commune-loffre.fr\/?attachment_id=5687\" class=\"wp-image-5687\" srcset=\"http:\/\/commune-loffre.fr\/wp-content\/uploads\/2021\/05\/Screenshot_20210519_205042_com.whatsapp.jpg 756w, http:\/\/commune-loffre.fr\/wp-content\/uploads\/2021\/05\/Screenshot_20210519_205042_com.whatsapp-300x225.jpg 300w, http:\/\/commune-loffre.fr\/wp-content\/uploads\/2021\/05\/Screenshot_20210519_205042_com.whatsapp-624x468.jpg 624w, http:\/\/commune-loffre.fr\/wp-content\/uploads\/2021\/05\/Screenshot_20210519_205042_com.whatsapp-240x180.jpg 240w\" sizes=\"(max-width: 756px) 100vw, 756px\" \/><\/figure><\/li><li class=\"blocks-gallery-item\"><figure><img loading=\"lazy\" decoding=\"async\" width=\"756\" height=\"426\" src=\"http:\/\/commune-loffre.fr\/wp-content\/uploads\/2021\/05\/Screenshot_20210519_205027_com.android.gallery3d.jpg\" alt=\"\" data-id=\"5688\" data-link=\"http:\/\/commune-loffre.fr\/?attachment_id=5688\" class=\"wp-image-5688\" srcset=\"http:\/\/commune-loffre.fr\/wp-content\/uploads\/2021\/05\/Screenshot_20210519_205027_com.android.gallery3d.jpg 756w, http:\/\/commune-loffre.fr\/wp-content\/uploads\/2021\/05\/Screenshot_20210519_205027_com.android.gallery3d-300x169.jpg 300w, http:\/\/commune-loffre.fr\/wp-content\/uploads\/2021\/05\/Screenshot_20210519_205027_com.android.gallery3d-624x352.jpg 624w\" sizes=\"(max-width: 756px) 100vw, 756px\" \/><\/figure><\/li><\/ul>\n","protected":false},"excerpt":{"rendered":"<p>L&rsquo;Atelier Food Truck s&rsquo;est install\u00e9 ce merci 19 mai 2021 \u00e0 c\u00f4t\u00e9 de la mairie. Il a remport\u00e9 un franc succ\u00e8s. Il s&rsquo;y installera chaque mercredi soir de 18h30 \u00e0&#8230; <a href=\"http:\/\/commune-loffre.fr\/index.php\/2021\/05\/19\/mercredi-food-truck\/\">Read more &raquo;<\/a><\/p>\n","protected":false},"author":1,"featured_media":5687,"comment_status":"closed","ping_status":"closed","sticky":false,"template":"","format":"standard","meta":{"footnotes":""},"categories":[1],"tags":[],"_links":{"self":[{"href":"http:\/\/commune-loffre.fr\/index.php\/wp-json\/wp\/v2\/posts\/5686"}],"collection":[{"href":"http:\/\/commune-loffre.fr\/index.php\/wp-json\/wp\/v2\/posts"}],"about":[{"href":"http:\/\/commune-loffre.fr\/index.php\/wp-json\/wp\/v2\/types\/post"}],"author":[{"embeddable":true,"href":"http:\/\/commune-loffre.fr\/index.php\/wp-json\/wp\/v2\/users\/1"}],"replies":[{"embeddable":true,"href":"http:\/\/commune-loffre.fr\/index.php\/wp-json\/wp\/v2\/comments?post=5686"}],"version-history":[{"count":1,"href":"http:\/\/commune-loffre.fr\/index.php\/wp-json\/wp\/v2\/posts\/5686\/revisions"}],"predecessor-version":[{"id":5689,"href":"http:\/\/commune-loffre.fr\/index.php\/wp-json\/wp\/v2\/posts\/5686\/revisions\/5689"}],"wp:featuredmedia":[{"embeddable":true,"href":"http:\/\/commune-loffre.fr\/index.php\/wp-json\/wp\/v2\/media\/5687"}],"wp:attachment":[{"href":"http:\/\/commune-loffre.fr\/index.php\/wp-json\/wp\/v2\/media?parent=5686"}],"wp:term":[{"taxonomy":"category","embeddable":true,"href":"http:\/\/commune-loffre.fr\/index.php\/wp-json\/wp\/v2\/categories?post=5686"},{"taxonomy":"post_tag","embeddable":true,"href":"http:\/\/commune-loffre.fr\/index.php\/wp-json\/wp\/v2\/tags?post=5686"}],"curies":[{"name":"wp","href":"https:\/\/api.w.org\/{rel}","templated":true}]}}