{"id":5670,"date":"2021-05-10T16:00:43","date_gmt":"2021-05-10T15:00:43","guid":{"rendered":"http:\/\/commune-loffre.fr\/?p=5670"},"modified":"2021-05-10T16:00:43","modified_gmt":"2021-05-10T15:00:43","slug":"ceremonie-du-8-mai-1945","status":"publish","type":"post","link":"http:\/\/commune-loffre.fr\/index.php\/2021\/05\/10\/ceremonie-du-8-mai-1945\/","title":{"rendered":"C\u00e9r\u00e9monie du 8 Mai 1945"},"content":{"rendered":"\n<p>Situation\nsanitaire oblige, la c\u00e9r\u00e9monie du 76\u00e8me anniversaire de la fin de la seconde\nguerre mondiale s&rsquo;est tenue le 8 mai 2021 \u00e0 11h \u00e0 LOFFRE.<\/p>\n\n\n\n<p>Monsieur le\nmaire Eric Gouy et Monsieur Choeur, pr\u00e9sident des anciens combattants ont\nproc\u00e9d\u00e9 au d\u00e9p\u00f4t de gerbe sur le monument aux morts. Monsieur Fr\u00e9d\u00e9ric\nViremouneix, Monsieur Sroga et le porte-drapeau Monsieur Dupuis \u00e9taient eux\naussi pr\u00e9sents.&nbsp;<\/p>\n\n\n\n<ul class=\"wp-block-gallery columns-3 is-cropped wp-block-gallery-1 is-layout-flex wp-block-gallery-is-layout-flex\"><li class=\"blocks-gallery-item\"><figure><img loading=\"lazy\" decoding=\"async\" width=\"1024\" height=\"768\" src=\"http:\/\/commune-loffre.fr\/wp-content\/uploads\/2021\/05\/IMG_20210508_111123-1024x768.jpg\" alt=\"\" data-id=\"5671\" data-link=\"http:\/\/commune-loffre.fr\/?attachment_id=5671\" class=\"wp-image-5671\" srcset=\"http:\/\/commune-loffre.fr\/wp-content\/uploads\/2021\/05\/IMG_20210508_111123-1024x768.jpg 1024w, http:\/\/commune-loffre.fr\/wp-content\/uploads\/2021\/05\/IMG_20210508_111123-300x225.jpg 300w, http:\/\/commune-loffre.fr\/wp-content\/uploads\/2021\/05\/IMG_20210508_111123-768x576.jpg 768w, http:\/\/commune-loffre.fr\/wp-content\/uploads\/2021\/05\/IMG_20210508_111123-624x468.jpg 624w, http:\/\/commune-loffre.fr\/wp-content\/uploads\/2021\/05\/IMG_20210508_111123-240x180.jpg 240w\" sizes=\"(max-width: 1024px) 100vw, 1024px\" \/><\/figure><\/li><li class=\"blocks-gallery-item\"><figure><img loading=\"lazy\" decoding=\"async\" width=\"1024\" height=\"768\" src=\"http:\/\/commune-loffre.fr\/wp-content\/uploads\/2021\/05\/IMG_20210508_111111-1024x768.jpg\" alt=\"\" data-id=\"5672\" data-link=\"http:\/\/commune-loffre.fr\/?attachment_id=5672\" class=\"wp-image-5672\" srcset=\"http:\/\/commune-loffre.fr\/wp-content\/uploads\/2021\/05\/IMG_20210508_111111-1024x768.jpg 1024w, http:\/\/commune-loffre.fr\/wp-content\/uploads\/2021\/05\/IMG_20210508_111111-300x225.jpg 300w, http:\/\/commune-loffre.fr\/wp-content\/uploads\/2021\/05\/IMG_20210508_111111-768x576.jpg 768w, http:\/\/commune-loffre.fr\/wp-content\/uploads\/2021\/05\/IMG_20210508_111111-624x468.jpg 624w, http:\/\/commune-loffre.fr\/wp-content\/uploads\/2021\/05\/IMG_20210508_111111-240x180.jpg 240w\" sizes=\"(max-width: 1024px) 100vw, 1024px\" \/><\/figure><\/li><li class=\"blocks-gallery-item\"><figure><img loading=\"lazy\" decoding=\"async\" width=\"1024\" height=\"768\" src=\"http:\/\/commune-loffre.fr\/wp-content\/uploads\/2021\/05\/IMG_20210508_111025-1024x768.jpg\" alt=\"\" data-id=\"5673\" data-link=\"http:\/\/commune-loffre.fr\/?attachment_id=5673\" class=\"wp-image-5673\" srcset=\"http:\/\/commune-loffre.fr\/wp-content\/uploads\/2021\/05\/IMG_20210508_111025-1024x768.jpg 1024w, http:\/\/commune-loffre.fr\/wp-content\/uploads\/2021\/05\/IMG_20210508_111025-300x225.jpg 300w, http:\/\/commune-loffre.fr\/wp-content\/uploads\/2021\/05\/IMG_20210508_111025-768x576.jpg 768w, http:\/\/commune-loffre.fr\/wp-content\/uploads\/2021\/05\/IMG_20210508_111025-624x468.jpg 624w, http:\/\/commune-loffre.fr\/wp-content\/uploads\/2021\/05\/IMG_20210508_111025-240x180.jpg 240w\" sizes=\"(max-width: 1024px) 100vw, 1024px\" \/><\/figure><\/li><\/ul>\n","protected":false},"excerpt":{"rendered":"<p>Situation sanitaire oblige, la c\u00e9r\u00e9monie du 76\u00e8me anniversaire de la fin de la seconde guerre mondiale s&rsquo;est tenue le 8 mai 2021 \u00e0 11h \u00e0 LOFFRE. Monsieur le maire Eric&#8230; <a href=\"http:\/\/commune-loffre.fr\/index.php\/2021\/05\/10\/ceremonie-du-8-mai-1945\/\">Read more &raquo;<\/a><\/p>\n","protected":false},"author":1,"featured_media":5672,"comment_status":"closed","ping_status":"closed","sticky":false,"template":"","format":"standard","meta":{"footnotes":""},"categories":[1],"tags":[],"_links":{"self":[{"href":"http:\/\/commune-loffre.fr\/index.php\/wp-json\/wp\/v2\/posts\/5670"}],"collection":[{"href":"http:\/\/commune-loffre.fr\/index.php\/wp-json\/wp\/v2\/posts"}],"about":[{"href":"http:\/\/commune-loffre.fr\/index.php\/wp-json\/wp\/v2\/types\/post"}],"author":[{"embeddable":true,"href":"http:\/\/commune-loffre.fr\/index.php\/wp-json\/wp\/v2\/users\/1"}],"replies":[{"embeddable":true,"href":"http:\/\/commune-loffre.fr\/index.php\/wp-json\/wp\/v2\/comments?post=5670"}],"version-history":[{"count":1,"href":"http:\/\/commune-loffre.fr\/index.php\/wp-json\/wp\/v2\/posts\/5670\/revisions"}],"predecessor-version":[{"id":5674,"href":"http:\/\/commune-loffre.fr\/index.php\/wp-json\/wp\/v2\/posts\/5670\/revisions\/5674"}],"wp:featuredmedia":[{"embeddable":true,"href":"http:\/\/commune-loffre.fr\/index.php\/wp-json\/wp\/v2\/media\/5672"}],"wp:attachment":[{"href":"http:\/\/commune-loffre.fr\/index.php\/wp-json\/wp\/v2\/media?parent=5670"}],"wp:term":[{"taxonomy":"category","embeddable":true,"href":"http:\/\/commune-loffre.fr\/index.php\/wp-json\/wp\/v2\/categories?post=5670"},{"taxonomy":"post_tag","embeddable":true,"href":"http:\/\/commune-loffre.fr\/index.php\/wp-json\/wp\/v2\/tags?post=5670"}],"curies":[{"name":"wp","href":"https:\/\/api.w.org\/{rel}","templated":true}]}}