{"id":5665,"date":"2021-05-10T15:56:18","date_gmt":"2021-05-10T14:56:18","guid":{"rendered":"http:\/\/commune-loffre.fr\/?p=5665"},"modified":"2021-05-10T15:56:18","modified_gmt":"2021-05-10T14:56:18","slug":"le-marche","status":"publish","type":"post","link":"http:\/\/commune-loffre.fr\/index.php\/2021\/05\/10\/le-marche\/","title":{"rendered":"Le march\u00e9"},"content":{"rendered":"\n<p>Pour sa\nseconde \u00e9dition, le march\u00e9 de LOFFRE s&rsquo;est tenu ce samedi 1er mai 2021 sous le\nsoleil. Les produits locaux \u00e9taient toujours au rendez vous : plats traiteurs,\npizzas, bi\u00e8res artisanales, soupes, \u00e9pices, fruits et l\u00e9gumes, volailles,\nviandes bovines, produits italiens, produits laitiers. La Ronde Des Livres a\npropos\u00e9 une quantit\u00e9 de livres en pr\u00eat. Pas moins de 41 personnes ont emprunt\u00e9\nsur le stand. Enfin, l&rsquo;APE a remport\u00e9 \u00e9galement un vif succ\u00e8s avec la vente de\ng\u00e2teaux confectionn\u00e9s par les mamans de l&rsquo;\u00e9cole Henri Matisse et du muguet\noffert par Mr et Mme POULAIN.<\/p>\n\n\n\n<p>Nous tenons\n\u00e0 remercier l&rsquo;ensemble des participants pour ce moment de convivialit\u00e9.<\/p>\n\n\n\n<p>Comme pour\nle premier march\u00e9, les r\u00e8gles sanitaires ont \u00e9t\u00e9 respect\u00e9es : gel aux entr\u00e9es\ndu march\u00e9 et port du masque obligatoire.<\/p>\n\n\n\n<p>Nous vous\ndonnons rendez vous le samedi 5 juin 2021.<\/p>\n\n\n\n<ul class=\"wp-block-gallery columns-3 is-cropped wp-block-gallery-1 is-layout-flex wp-block-gallery-is-layout-flex\"><li class=\"blocks-gallery-item\"><figure><img loading=\"lazy\" decoding=\"async\" width=\"768\" height=\"1024\" src=\"http:\/\/commune-loffre.fr\/wp-content\/uploads\/2021\/05\/IMG_169811-768x1024.jpg\" alt=\"\" data-id=\"5666\" data-link=\"http:\/\/commune-loffre.fr\/?attachment_id=5666\" class=\"wp-image-5666\" srcset=\"http:\/\/commune-loffre.fr\/wp-content\/uploads\/2021\/05\/IMG_169811-768x1024.jpg 768w, http:\/\/commune-loffre.fr\/wp-content\/uploads\/2021\/05\/IMG_169811-225x300.jpg 225w, http:\/\/commune-loffre.fr\/wp-content\/uploads\/2021\/05\/IMG_169811-624x832.jpg 624w, http:\/\/commune-loffre.fr\/wp-content\/uploads\/2021\/05\/IMG_169811.jpg 1080w\" sizes=\"(max-width: 768px) 100vw, 768px\" \/><\/figure><\/li><li class=\"blocks-gallery-item\"><figure><img loading=\"lazy\" decoding=\"async\" width=\"1024\" height=\"485\" src=\"http:\/\/commune-loffre.fr\/wp-content\/uploads\/2021\/05\/received_296090372133036-1024x485.jpeg\" alt=\"\" data-id=\"5667\" data-link=\"http:\/\/commune-loffre.fr\/?attachment_id=5667\" class=\"wp-image-5667\" srcset=\"http:\/\/commune-loffre.fr\/wp-content\/uploads\/2021\/05\/received_296090372133036-1024x485.jpeg 1024w, http:\/\/commune-loffre.fr\/wp-content\/uploads\/2021\/05\/received_296090372133036-300x142.jpeg 300w, http:\/\/commune-loffre.fr\/wp-content\/uploads\/2021\/05\/received_296090372133036-768x364.jpeg 768w, http:\/\/commune-loffre.fr\/wp-content\/uploads\/2021\/05\/received_296090372133036-624x296.jpeg 624w\" sizes=\"(max-width: 1024px) 100vw, 1024px\" \/><\/figure><\/li><li class=\"blocks-gallery-item\"><figure><img loading=\"lazy\" decoding=\"async\" width=\"485\" height=\"1024\" src=\"http:\/\/commune-loffre.fr\/wp-content\/uploads\/2021\/05\/Resized_20210430_1909451-485x1024.jpg\" alt=\"\" data-id=\"5668\" data-link=\"http:\/\/commune-loffre.fr\/?attachment_id=5668\" class=\"wp-image-5668\" srcset=\"http:\/\/commune-loffre.fr\/wp-content\/uploads\/2021\/05\/Resized_20210430_1909451-485x1024.jpg 485w, http:\/\/commune-loffre.fr\/wp-content\/uploads\/2021\/05\/Resized_20210430_1909451-142x300.jpg 142w, http:\/\/commune-loffre.fr\/wp-content\/uploads\/2021\/05\/Resized_20210430_1909451.jpg 511w\" sizes=\"(max-width: 485px) 100vw, 485px\" \/><\/figure><\/li><\/ul>\n","protected":false},"excerpt":{"rendered":"<p>Pour sa seconde \u00e9dition, le march\u00e9 de LOFFRE s&rsquo;est tenu ce samedi 1er mai 2021 sous le soleil. Les produits locaux \u00e9taient toujours au rendez vous : plats traiteurs, pizzas,&#8230; <a href=\"http:\/\/commune-loffre.fr\/index.php\/2021\/05\/10\/le-marche\/\">Read more &raquo;<\/a><\/p>\n","protected":false},"author":1,"featured_media":5667,"comment_status":"closed","ping_status":"closed","sticky":false,"template":"","format":"standard","meta":{"footnotes":""},"categories":[1],"tags":[],"_links":{"self":[{"href":"http:\/\/commune-loffre.fr\/index.php\/wp-json\/wp\/v2\/posts\/5665"}],"collection":[{"href":"http:\/\/commune-loffre.fr\/index.php\/wp-json\/wp\/v2\/posts"}],"about":[{"href":"http:\/\/commune-loffre.fr\/index.php\/wp-json\/wp\/v2\/types\/post"}],"author":[{"embeddable":true,"href":"http:\/\/commune-loffre.fr\/index.php\/wp-json\/wp\/v2\/users\/1"}],"replies":[{"embeddable":true,"href":"http:\/\/commune-loffre.fr\/index.php\/wp-json\/wp\/v2\/comments?post=5665"}],"version-history":[{"count":1,"href":"http:\/\/commune-loffre.fr\/index.php\/wp-json\/wp\/v2\/posts\/5665\/revisions"}],"predecessor-version":[{"id":5669,"href":"http:\/\/commune-loffre.fr\/index.php\/wp-json\/wp\/v2\/posts\/5665\/revisions\/5669"}],"wp:featuredmedia":[{"embeddable":true,"href":"http:\/\/commune-loffre.fr\/index.php\/wp-json\/wp\/v2\/media\/5667"}],"wp:attachment":[{"href":"http:\/\/commune-loffre.fr\/index.php\/wp-json\/wp\/v2\/media?parent=5665"}],"wp:term":[{"taxonomy":"category","embeddable":true,"href":"http:\/\/commune-loffre.fr\/index.php\/wp-json\/wp\/v2\/categories?post=5665"},{"taxonomy":"post_tag","embeddable":true,"href":"http:\/\/commune-loffre.fr\/index.php\/wp-json\/wp\/v2\/tags?post=5665"}],"curies":[{"name":"wp","href":"https:\/\/api.w.org\/{rel}","templated":true}]}}