{"id":5634,"date":"2021-04-23T18:20:39","date_gmt":"2021-04-23T17:20:39","guid":{"rendered":"http:\/\/commune-loffre.fr\/?p=5634"},"modified":"2021-04-23T18:20:39","modified_gmt":"2021-04-23T17:20:39","slug":"marche-des-producteurs","status":"publish","type":"post","link":"http:\/\/commune-loffre.fr\/index.php\/2021\/04\/23\/marche-des-producteurs\/","title":{"rendered":"March\u00e9 des Producteurs"},"content":{"rendered":"\n<p>Notre\npremier march\u00e9 de Producteurs Locaux du 3 avril 2021 a remport\u00e9 un vif succ\u00e8s.\nComme vous le savez, il revient s&rsquo;installer le 1er Mai 2021 pour notre plus\ngrand plaisir. Et bien, devinez! Nous accueillons Dany Boucher Chevalin\nTraiteur de Montigny-en Ostrevent. Il proposera de la viande bovine, chevaline\net diff\u00e9rentes charcuteries. Accueillons le comme il se doit.<\/p>\n\n\n\n<p>A tr\u00e8s vite\nsur le march\u00e9!<\/p>\n\n\n\n<p>Prenez soins\nde vous<\/p>\n","protected":false},"excerpt":{"rendered":"<p>Notre premier march\u00e9 de Producteurs Locaux du 3 avril 2021 a remport\u00e9 un vif succ\u00e8s. Comme vous le savez, il revient s&rsquo;installer le 1er Mai 2021 pour notre plus grand&#8230; <a href=\"http:\/\/commune-loffre.fr\/index.php\/2021\/04\/23\/marche-des-producteurs\/\">Read more &raquo;<\/a><\/p>\n","protected":false},"author":1,"featured_media":0,"comment_status":"closed","ping_status":"closed","sticky":false,"template":"","format":"standard","meta":{"footnotes":""},"categories":[1],"tags":[],"_links":{"self":[{"href":"http:\/\/commune-loffre.fr\/index.php\/wp-json\/wp\/v2\/posts\/5634"}],"collection":[{"href":"http:\/\/commune-loffre.fr\/index.php\/wp-json\/wp\/v2\/posts"}],"about":[{"href":"http:\/\/commune-loffre.fr\/index.php\/wp-json\/wp\/v2\/types\/post"}],"author":[{"embeddable":true,"href":"http:\/\/commune-loffre.fr\/index.php\/wp-json\/wp\/v2\/users\/1"}],"replies":[{"embeddable":true,"href":"http:\/\/commune-loffre.fr\/index.php\/wp-json\/wp\/v2\/comments?post=5634"}],"version-history":[{"count":1,"href":"http:\/\/commune-loffre.fr\/index.php\/wp-json\/wp\/v2\/posts\/5634\/revisions"}],"predecessor-version":[{"id":5635,"href":"http:\/\/commune-loffre.fr\/index.php\/wp-json\/wp\/v2\/posts\/5634\/revisions\/5635"}],"wp:attachment":[{"href":"http:\/\/commune-loffre.fr\/index.php\/wp-json\/wp\/v2\/media?parent=5634"}],"wp:term":[{"taxonomy":"category","embeddable":true,"href":"http:\/\/commune-loffre.fr\/index.php\/wp-json\/wp\/v2\/categories?post=5634"},{"taxonomy":"post_tag","embeddable":true,"href":"http:\/\/commune-loffre.fr\/index.php\/wp-json\/wp\/v2\/tags?post=5634"}],"curies":[{"name":"wp","href":"https:\/\/api.w.org\/{rel}","templated":true}]}}