{"id":5625,"date":"2021-04-09T19:15:28","date_gmt":"2021-04-09T18:15:28","guid":{"rendered":"http:\/\/commune-loffre.fr\/?p=5625"},"modified":"2021-04-09T19:15:28","modified_gmt":"2021-04-09T18:15:28","slug":"1er-marche-des-producteurs","status":"publish","type":"post","link":"http:\/\/commune-loffre.fr\/index.php\/2021\/04\/09\/1er-marche-des-producteurs\/","title":{"rendered":"1er March\u00e9 des Producteurs"},"content":{"rendered":"\n<p>Le premier march\u00e9 des producteurs locaux s&rsquo;est tenu le samedi 3 avril 2021 de 9h \u00e0 12h entre la Petite rue et la Place Alphonse-Poulet. Malgr\u00e9 une m\u00e9t\u00e9o bien fraiche, les Loffriens et ext\u00e9rieurs \u00e9taient au rendez vous.Fr\u00e9d\u00e9ric VIREMOUNEIX, adjoint aux f\u00eates, comm\u00e9morations, c\u00e9r\u00e9monies et milieu associatif est \u00e0 l&rsquo;initiative de cet \u00e9v\u00e9nement. Il a \u00e9t\u00e9 \u00e9paul\u00e9 par plusieurs membres du conseil pour le bon d\u00e9roulement de la matin\u00e9e : s\u00e9curit\u00e9, gestes barri\u00e8res. Le petit march\u00e9 sera donc reconduit chaque premier samedi du mois de 9h \u00e0 12h. Continuons de soutenir les commerces de proximit\u00e9 et producteurs locaux. Le prochain rendez vous aura lieu le 1er mai 2021.\u00a0<\/p>\n\n\n\n<p>Toutes nos\nf\u00e9licitations \u00e0 Monsieur VIREMOUNEIX et au reste de l&rsquo;\u00e9quipe municipale.<\/p>\n\n\n\n<p>Merci \u00e0\nMonsieur le Maire Eric GOUY pour son soutien.<\/p>\n\n\n\n<figure class=\"wp-block-image\"><img loading=\"lazy\" decoding=\"async\" width=\"1024\" height=\"768\" src=\"http:\/\/commune-loffre.fr\/wp-content\/uploads\/2021\/04\/IMG_20210403_101254-1024x768.jpg\" alt=\"\" class=\"wp-image-5626\" srcset=\"http:\/\/commune-loffre.fr\/wp-content\/uploads\/2021\/04\/IMG_20210403_101254-1024x768.jpg 1024w, http:\/\/commune-loffre.fr\/wp-content\/uploads\/2021\/04\/IMG_20210403_101254-300x225.jpg 300w, http:\/\/commune-loffre.fr\/wp-content\/uploads\/2021\/04\/IMG_20210403_101254-768x576.jpg 768w, http:\/\/commune-loffre.fr\/wp-content\/uploads\/2021\/04\/IMG_20210403_101254-624x468.jpg 624w, http:\/\/commune-loffre.fr\/wp-content\/uploads\/2021\/04\/IMG_20210403_101254-240x180.jpg 240w\" sizes=\"(max-width: 1024px) 100vw, 1024px\" \/><\/figure>\n","protected":false},"excerpt":{"rendered":"<p>Le premier march\u00e9 des producteurs locaux s&rsquo;est tenu le samedi 3 avril 2021 de 9h \u00e0 12h entre la Petite rue et la Place Alphonse-Poulet. Malgr\u00e9 une m\u00e9t\u00e9o bien fraiche,&#8230; <a href=\"http:\/\/commune-loffre.fr\/index.php\/2021\/04\/09\/1er-marche-des-producteurs\/\">Read more &raquo;<\/a><\/p>\n","protected":false},"author":1,"featured_media":5626,"comment_status":"closed","ping_status":"closed","sticky":false,"template":"","format":"standard","meta":{"footnotes":""},"categories":[1],"tags":[],"_links":{"self":[{"href":"http:\/\/commune-loffre.fr\/index.php\/wp-json\/wp\/v2\/posts\/5625"}],"collection":[{"href":"http:\/\/commune-loffre.fr\/index.php\/wp-json\/wp\/v2\/posts"}],"about":[{"href":"http:\/\/commune-loffre.fr\/index.php\/wp-json\/wp\/v2\/types\/post"}],"author":[{"embeddable":true,"href":"http:\/\/commune-loffre.fr\/index.php\/wp-json\/wp\/v2\/users\/1"}],"replies":[{"embeddable":true,"href":"http:\/\/commune-loffre.fr\/index.php\/wp-json\/wp\/v2\/comments?post=5625"}],"version-history":[{"count":1,"href":"http:\/\/commune-loffre.fr\/index.php\/wp-json\/wp\/v2\/posts\/5625\/revisions"}],"predecessor-version":[{"id":5627,"href":"http:\/\/commune-loffre.fr\/index.php\/wp-json\/wp\/v2\/posts\/5625\/revisions\/5627"}],"wp:featuredmedia":[{"embeddable":true,"href":"http:\/\/commune-loffre.fr\/index.php\/wp-json\/wp\/v2\/media\/5626"}],"wp:attachment":[{"href":"http:\/\/commune-loffre.fr\/index.php\/wp-json\/wp\/v2\/media?parent=5625"}],"wp:term":[{"taxonomy":"category","embeddable":true,"href":"http:\/\/commune-loffre.fr\/index.php\/wp-json\/wp\/v2\/categories?post=5625"},{"taxonomy":"post_tag","embeddable":true,"href":"http:\/\/commune-loffre.fr\/index.php\/wp-json\/wp\/v2\/tags?post=5625"}],"curies":[{"name":"wp","href":"https:\/\/api.w.org\/{rel}","templated":true}]}}