{"id":5619,"date":"2021-03-24T19:20:49","date_gmt":"2021-03-24T18:20:49","guid":{"rendered":"http:\/\/commune-loffre.fr\/?p=5619"},"modified":"2021-03-24T19:20:49","modified_gmt":"2021-03-24T18:20:49","slug":"03-avril-marche-des-producteurs","status":"publish","type":"post","link":"http:\/\/commune-loffre.fr\/index.php\/2021\/03\/24\/03-avril-marche-des-producteurs\/","title":{"rendered":"03 Avril &#8211; March\u00e9 des Producteurs"},"content":{"rendered":"\n<p>A quelques\njours du premier march\u00e9 des producteurs, les commer\u00e7ants se sont r\u00e9unis ce\nlundi 22 mars 2021 \u00e0 17h afin de d\u00e9couvrir leur emplacement respectif. Ils sont\npr\u00eats \u00e0 vous accueillir le 3 avril 2021 de 9h \u00e0 12h petite rue face \u00e0 la place\nPoulet. Nous esp\u00e9rons vous y voir nombreux, tout en respectant les distances de\ns\u00e9curit\u00e9. D&rsquo;ici l\u00e0, prenez soin de vous. A tr\u00e8s bient\u00f4t.<\/p>\n","protected":false},"excerpt":{"rendered":"<p>A quelques jours du premier march\u00e9 des producteurs, les commer\u00e7ants se sont r\u00e9unis ce lundi 22 mars 2021 \u00e0 17h afin de d\u00e9couvrir leur emplacement respectif. Ils sont pr\u00eats \u00e0&#8230; <a href=\"http:\/\/commune-loffre.fr\/index.php\/2021\/03\/24\/03-avril-marche-des-producteurs\/\">Read more &raquo;<\/a><\/p>\n","protected":false},"author":1,"featured_media":0,"comment_status":"closed","ping_status":"closed","sticky":false,"template":"","format":"standard","meta":{"footnotes":""},"categories":[1],"tags":[],"_links":{"self":[{"href":"http:\/\/commune-loffre.fr\/index.php\/wp-json\/wp\/v2\/posts\/5619"}],"collection":[{"href":"http:\/\/commune-loffre.fr\/index.php\/wp-json\/wp\/v2\/posts"}],"about":[{"href":"http:\/\/commune-loffre.fr\/index.php\/wp-json\/wp\/v2\/types\/post"}],"author":[{"embeddable":true,"href":"http:\/\/commune-loffre.fr\/index.php\/wp-json\/wp\/v2\/users\/1"}],"replies":[{"embeddable":true,"href":"http:\/\/commune-loffre.fr\/index.php\/wp-json\/wp\/v2\/comments?post=5619"}],"version-history":[{"count":1,"href":"http:\/\/commune-loffre.fr\/index.php\/wp-json\/wp\/v2\/posts\/5619\/revisions"}],"predecessor-version":[{"id":5620,"href":"http:\/\/commune-loffre.fr\/index.php\/wp-json\/wp\/v2\/posts\/5619\/revisions\/5620"}],"wp:attachment":[{"href":"http:\/\/commune-loffre.fr\/index.php\/wp-json\/wp\/v2\/media?parent=5619"}],"wp:term":[{"taxonomy":"category","embeddable":true,"href":"http:\/\/commune-loffre.fr\/index.php\/wp-json\/wp\/v2\/categories?post=5619"},{"taxonomy":"post_tag","embeddable":true,"href":"http:\/\/commune-loffre.fr\/index.php\/wp-json\/wp\/v2\/tags?post=5619"}],"curies":[{"name":"wp","href":"https:\/\/api.w.org\/{rel}","templated":true}]}}