{"id":5616,"date":"2021-03-21T18:59:20","date_gmt":"2021-03-21T17:59:20","guid":{"rendered":"http:\/\/commune-loffre.fr\/?p=5616"},"modified":"2021-03-21T18:59:20","modified_gmt":"2021-03-21T17:59:20","slug":"commemoration-2","status":"publish","type":"post","link":"http:\/\/commune-loffre.fr\/index.php\/2021\/03\/21\/commemoration-2\/","title":{"rendered":"Comm\u00e9moration"},"content":{"rendered":"\n<p>Le 19 mars\n2021 \u00e0 17h, Monsieur CHOEUR, pr\u00e9sident des Anciens Combattants, Monsieur le\nMaire Eric GOUY, Fr\u00e9d\u00e9ric Viremouneix, adjoint aux f\u00eates, Monsieur Dupuis porte\ndrapeau, &nbsp;se sont rendus au monument aux morts afin de comm\u00e9morer la fin\nde la guerre d&rsquo;Alg\u00e9rie avec l&rsquo;hommage aux victimes civiles et militaires.<\/p>\n\n\n\n<figure class=\"wp-block-image\"><img loading=\"lazy\" decoding=\"async\" width=\"1024\" height=\"768\" src=\"http:\/\/commune-loffre.fr\/wp-content\/uploads\/2021\/03\/IMG_20210319_165603-1024x768.jpg\" alt=\"\" class=\"wp-image-5617\" srcset=\"http:\/\/commune-loffre.fr\/wp-content\/uploads\/2021\/03\/IMG_20210319_165603-1024x768.jpg 1024w, http:\/\/commune-loffre.fr\/wp-content\/uploads\/2021\/03\/IMG_20210319_165603-300x225.jpg 300w, http:\/\/commune-loffre.fr\/wp-content\/uploads\/2021\/03\/IMG_20210319_165603-768x576.jpg 768w, http:\/\/commune-loffre.fr\/wp-content\/uploads\/2021\/03\/IMG_20210319_165603-624x468.jpg 624w, http:\/\/commune-loffre.fr\/wp-content\/uploads\/2021\/03\/IMG_20210319_165603-240x180.jpg 240w\" sizes=\"(max-width: 1024px) 100vw, 1024px\" \/><\/figure>\n","protected":false},"excerpt":{"rendered":"<p>Le 19 mars 2021 \u00e0 17h, Monsieur CHOEUR, pr\u00e9sident des Anciens Combattants, Monsieur le Maire Eric GOUY, Fr\u00e9d\u00e9ric Viremouneix, adjoint aux f\u00eates, Monsieur Dupuis porte drapeau, &nbsp;se sont rendus au&#8230; <a href=\"http:\/\/commune-loffre.fr\/index.php\/2021\/03\/21\/commemoration-2\/\">Read more &raquo;<\/a><\/p>\n","protected":false},"author":1,"featured_media":5617,"comment_status":"closed","ping_status":"closed","sticky":false,"template":"","format":"standard","meta":{"footnotes":""},"categories":[1],"tags":[],"_links":{"self":[{"href":"http:\/\/commune-loffre.fr\/index.php\/wp-json\/wp\/v2\/posts\/5616"}],"collection":[{"href":"http:\/\/commune-loffre.fr\/index.php\/wp-json\/wp\/v2\/posts"}],"about":[{"href":"http:\/\/commune-loffre.fr\/index.php\/wp-json\/wp\/v2\/types\/post"}],"author":[{"embeddable":true,"href":"http:\/\/commune-loffre.fr\/index.php\/wp-json\/wp\/v2\/users\/1"}],"replies":[{"embeddable":true,"href":"http:\/\/commune-loffre.fr\/index.php\/wp-json\/wp\/v2\/comments?post=5616"}],"version-history":[{"count":1,"href":"http:\/\/commune-loffre.fr\/index.php\/wp-json\/wp\/v2\/posts\/5616\/revisions"}],"predecessor-version":[{"id":5618,"href":"http:\/\/commune-loffre.fr\/index.php\/wp-json\/wp\/v2\/posts\/5616\/revisions\/5618"}],"wp:featuredmedia":[{"embeddable":true,"href":"http:\/\/commune-loffre.fr\/index.php\/wp-json\/wp\/v2\/media\/5617"}],"wp:attachment":[{"href":"http:\/\/commune-loffre.fr\/index.php\/wp-json\/wp\/v2\/media?parent=5616"}],"wp:term":[{"taxonomy":"category","embeddable":true,"href":"http:\/\/commune-loffre.fr\/index.php\/wp-json\/wp\/v2\/categories?post=5616"},{"taxonomy":"post_tag","embeddable":true,"href":"http:\/\/commune-loffre.fr\/index.php\/wp-json\/wp\/v2\/tags?post=5616"}],"curies":[{"name":"wp","href":"https:\/\/api.w.org\/{rel}","templated":true}]}}