{"id":5602,"date":"2021-03-14T15:10:40","date_gmt":"2021-03-14T14:10:40","guid":{"rendered":"http:\/\/commune-loffre.fr\/?p=5602"},"modified":"2021-03-14T15:10:40","modified_gmt":"2021-03-14T14:10:40","slug":"producteur-maraicher","status":"publish","type":"post","link":"http:\/\/commune-loffre.fr\/index.php\/2021\/03\/14\/producteur-maraicher\/","title":{"rendered":"Producteur Mara\u00eecher"},"content":{"rendered":"\n<p>D\u00e8s le 3 avril vous pourrez retrouver Christian DELPORTE et sa fille Emeline des \u00ab\u00a0Jardins DELPORTE\u00a0\u00bb .<br> LOFFRIEN issu d&rsquo;une longue lign\u00e9e de mara\u00eechers, il a repris les terres familiales en janvier 2010 o\u00f9 il y cultive ses l\u00e9gumes \u00e0 l&rsquo;ancienne, en utilisant le moins de d\u00e9sherbant, le moins d&rsquo;engrais et de traitement possible !<br> Ils vous proposeront sur le march\u00e9 leurs l\u00e9gumes tout juste cueillis pour une fra\u00eecheur optimale !<\/p>\n","protected":false},"excerpt":{"rendered":"<p>D\u00e8s le 3 avril vous pourrez retrouver Christian DELPORTE et sa fille Emeline des \u00ab\u00a0Jardins DELPORTE\u00a0\u00bb . LOFFRIEN issu d&rsquo;une longue lign\u00e9e de mara\u00eechers, il a repris les terres familiales&#8230; <a href=\"http:\/\/commune-loffre.fr\/index.php\/2021\/03\/14\/producteur-maraicher\/\">Read more &raquo;<\/a><\/p>\n","protected":false},"author":1,"featured_media":5603,"comment_status":"closed","ping_status":"closed","sticky":false,"template":"","format":"standard","meta":{"footnotes":""},"categories":[1],"tags":[],"_links":{"self":[{"href":"http:\/\/commune-loffre.fr\/index.php\/wp-json\/wp\/v2\/posts\/5602"}],"collection":[{"href":"http:\/\/commune-loffre.fr\/index.php\/wp-json\/wp\/v2\/posts"}],"about":[{"href":"http:\/\/commune-loffre.fr\/index.php\/wp-json\/wp\/v2\/types\/post"}],"author":[{"embeddable":true,"href":"http:\/\/commune-loffre.fr\/index.php\/wp-json\/wp\/v2\/users\/1"}],"replies":[{"embeddable":true,"href":"http:\/\/commune-loffre.fr\/index.php\/wp-json\/wp\/v2\/comments?post=5602"}],"version-history":[{"count":1,"href":"http:\/\/commune-loffre.fr\/index.php\/wp-json\/wp\/v2\/posts\/5602\/revisions"}],"predecessor-version":[{"id":5604,"href":"http:\/\/commune-loffre.fr\/index.php\/wp-json\/wp\/v2\/posts\/5602\/revisions\/5604"}],"wp:featuredmedia":[{"embeddable":true,"href":"http:\/\/commune-loffre.fr\/index.php\/wp-json\/wp\/v2\/media\/5603"}],"wp:attachment":[{"href":"http:\/\/commune-loffre.fr\/index.php\/wp-json\/wp\/v2\/media?parent=5602"}],"wp:term":[{"taxonomy":"category","embeddable":true,"href":"http:\/\/commune-loffre.fr\/index.php\/wp-json\/wp\/v2\/categories?post=5602"},{"taxonomy":"post_tag","embeddable":true,"href":"http:\/\/commune-loffre.fr\/index.php\/wp-json\/wp\/v2\/tags?post=5602"}],"curies":[{"name":"wp","href":"https:\/\/api.w.org\/{rel}","templated":true}]}}