{"id":5581,"date":"2021-02-22T18:23:07","date_gmt":"2021-02-22T17:23:07","guid":{"rendered":"http:\/\/commune-loffre.fr\/?p=5581"},"modified":"2021-02-22T18:23:07","modified_gmt":"2021-02-22T17:23:07","slug":"transformateur-electrique","status":"publish","type":"post","link":"http:\/\/commune-loffre.fr\/index.php\/2021\/02\/22\/transformateur-electrique\/","title":{"rendered":"Transformateur \u00c9lectrique"},"content":{"rendered":"\n<p>Ce vendredi 19 f\u00e9vrier 2021, En\u00e9dis avait convoqu\u00e9 les correspondants de presse locale de la Voix du Nord et l&rsquo;Observateur du Douaisis ainsi que M. le maire pour un point presse relatif \u00e0 la d\u00e9molition du transformateur cabine haute de la rue du Petit Marais \u00e0 LOFFRE. Ce transformateur; vestige des ann\u00e9es 50 avait fait l&rsquo;objet d&rsquo;une demande de d\u00e9molition; il y&rsquo;a d\u00e9j\u00e0 une vingtaine d&rsquo;ann\u00e9e par l&rsquo;ancien Maire M. BRILLON. Justifiant d&rsquo;enfouissements des r\u00e9seaux \u00e9lectriques dans ce secteur, Eric GOUY avait sollicit\u00e9 de nouveau le Directeur Adjoint d&rsquo;En\u00e9dis M. Jean Michel JAUSSEME pour finir par \u00eatre entendu. Une cabine basse recevant le nouveau poste de transformation a \u00e9t\u00e9 install\u00e9 par les services d&rsquo;En\u00e9dis sur une parcelle mis \u00e0 disposition par la commune concomitamment aux travaux d&rsquo;enfouissement. Le temps est venu de d\u00e9monter cet \u00e9quipement devenu obsol\u00e8te. Pour mener \u00e0 bien cette op\u00e9ration et par mesure de s\u00e9curit\u00e9, En\u00e9dis a proc\u00e9d\u00e9 ce vendredi \u00e0 la r\u00e9alisation de points de coupure sur la ligne \u00e0 20 000 volts alimentant le nouveau transfo.\u00a0\u00a0 Par l&rsquo;apport d&rsquo;un transformateur mobile qui se substituera \u00e0 cette ligne,\u00a0 les 111 foyers aliment\u00e9s par cet \u00e9quipement pourront continuer \u00e0 \u00eatre aliment\u00e9s et il permettra de cette mani\u00e8re la d\u00e9molition en toute s\u00e9curit\u00e9. Ces travaux sont programm\u00e9s du lundi 22 au vendredi 26 f\u00e9vrier. La ligne 20 000 volts sera reconnect\u00e9e et le transfo mobile sera d\u00e9connect\u00e9 pour \u00eatre remis\u00e9 \u00e0 Saint Quentin. L&rsquo;entreprise T\u00e9renvi pourra achever l&rsquo;am\u00e9nagement qualitatif et paysager autour de cette cabine basse.<\/p>\n\n\n\n<figure class=\"wp-block-image\"><img loading=\"lazy\" decoding=\"async\" width=\"1024\" height=\"768\" src=\"http:\/\/commune-loffre.fr\/wp-content\/uploads\/2021\/02\/generateur-1024x768.jpg\" alt=\"\" class=\"wp-image-5582\" srcset=\"http:\/\/commune-loffre.fr\/wp-content\/uploads\/2021\/02\/generateur-1024x768.jpg 1024w, http:\/\/commune-loffre.fr\/wp-content\/uploads\/2021\/02\/generateur-300x225.jpg 300w, http:\/\/commune-loffre.fr\/wp-content\/uploads\/2021\/02\/generateur-768x576.jpg 768w, http:\/\/commune-loffre.fr\/wp-content\/uploads\/2021\/02\/generateur-624x468.jpg 624w, http:\/\/commune-loffre.fr\/wp-content\/uploads\/2021\/02\/generateur-240x180.jpg 240w, http:\/\/commune-loffre.fr\/wp-content\/uploads\/2021\/02\/generateur.jpg 2000w\" sizes=\"(max-width: 1024px) 100vw, 1024px\" \/><\/figure>\n","protected":false},"excerpt":{"rendered":"<p>Ce vendredi 19 f\u00e9vrier 2021, En\u00e9dis avait convoqu\u00e9 les correspondants de presse locale de la Voix du Nord et l&rsquo;Observateur du Douaisis ainsi que M. le maire pour un point&#8230; <a href=\"http:\/\/commune-loffre.fr\/index.php\/2021\/02\/22\/transformateur-electrique\/\">Read more &raquo;<\/a><\/p>\n","protected":false},"author":1,"featured_media":5582,"comment_status":"closed","ping_status":"closed","sticky":false,"template":"","format":"standard","meta":{"footnotes":""},"categories":[1],"tags":[],"_links":{"self":[{"href":"http:\/\/commune-loffre.fr\/index.php\/wp-json\/wp\/v2\/posts\/5581"}],"collection":[{"href":"http:\/\/commune-loffre.fr\/index.php\/wp-json\/wp\/v2\/posts"}],"about":[{"href":"http:\/\/commune-loffre.fr\/index.php\/wp-json\/wp\/v2\/types\/post"}],"author":[{"embeddable":true,"href":"http:\/\/commune-loffre.fr\/index.php\/wp-json\/wp\/v2\/users\/1"}],"replies":[{"embeddable":true,"href":"http:\/\/commune-loffre.fr\/index.php\/wp-json\/wp\/v2\/comments?post=5581"}],"version-history":[{"count":1,"href":"http:\/\/commune-loffre.fr\/index.php\/wp-json\/wp\/v2\/posts\/5581\/revisions"}],"predecessor-version":[{"id":5583,"href":"http:\/\/commune-loffre.fr\/index.php\/wp-json\/wp\/v2\/posts\/5581\/revisions\/5583"}],"wp:featuredmedia":[{"embeddable":true,"href":"http:\/\/commune-loffre.fr\/index.php\/wp-json\/wp\/v2\/media\/5582"}],"wp:attachment":[{"href":"http:\/\/commune-loffre.fr\/index.php\/wp-json\/wp\/v2\/media?parent=5581"}],"wp:term":[{"taxonomy":"category","embeddable":true,"href":"http:\/\/commune-loffre.fr\/index.php\/wp-json\/wp\/v2\/categories?post=5581"},{"taxonomy":"post_tag","embeddable":true,"href":"http:\/\/commune-loffre.fr\/index.php\/wp-json\/wp\/v2\/tags?post=5581"}],"curies":[{"name":"wp","href":"https:\/\/api.w.org\/{rel}","templated":true}]}}