{"id":5570,"date":"2021-02-19T07:54:48","date_gmt":"2021-02-19T06:54:48","guid":{"rendered":"http:\/\/commune-loffre.fr\/?p=5570"},"modified":"2021-02-19T07:54:48","modified_gmt":"2021-02-19T06:54:48","slug":"merci-lape","status":"publish","type":"post","link":"http:\/\/commune-loffre.fr\/index.php\/2021\/02\/19\/merci-lape\/","title":{"rendered":"Merci l&rsquo;APE"},"content":{"rendered":"\n<p>Crise\nsanitaire oblige, le traditionnel carnaval des enfants n&rsquo;a pas eu lieu cette\nann\u00e9e. Mais les mamans de l&rsquo; APE n&rsquo;ont pas voulu en rester l\u00e0. Elles ont\nconfectionn\u00e9 des cr\u00eapes en respectant les r\u00e8gles sanitaires et les ont\ndistribu\u00e9es mardi 16 f\u00e9vrier 2021 \u00e0 l&rsquo;\u00e9cole Henri Matisse \u00e0 la r\u00e9cr\u00e9ation de\n10h. Les \u00e9l\u00e8ves ont fortement appr\u00e9ci\u00e9 cette collation et se sont vu distribu\u00e9s\nun petit cadeau. Le dynamisme de l&rsquo;APE reste intact : un grand MERCI \u00e0\nl&rsquo;ensemble de l&rsquo;\u00e9quipe.&nbsp;<\/p>\n\n\n\n<p>P\u00e2ques\narrive \u00e0 grand pas, des surprises attendent encore les enfants.<\/p>\n\n\n\n<p>Passez de\nbonnes vacances.<\/p>\n\n\n\n<ul class=\"wp-block-gallery columns-1 is-cropped wp-block-gallery-1 is-layout-flex wp-block-gallery-is-layout-flex\"><li class=\"blocks-gallery-item\"><figure><img loading=\"lazy\" decoding=\"async\" width=\"846\" height=\"622\" src=\"http:\/\/commune-loffre.fr\/wp-content\/uploads\/2021\/02\/photos.jpg\" alt=\"\" data-id=\"5571\" data-link=\"http:\/\/commune-loffre.fr\/?attachment_id=5571\" class=\"wp-image-5571\" srcset=\"http:\/\/commune-loffre.fr\/wp-content\/uploads\/2021\/02\/photos.jpg 846w, http:\/\/commune-loffre.fr\/wp-content\/uploads\/2021\/02\/photos-300x221.jpg 300w, http:\/\/commune-loffre.fr\/wp-content\/uploads\/2021\/02\/photos-768x565.jpg 768w, http:\/\/commune-loffre.fr\/wp-content\/uploads\/2021\/02\/photos-624x459.jpg 624w\" sizes=\"(max-width: 846px) 100vw, 846px\" \/><\/figure><\/li><\/ul>\n","protected":false},"excerpt":{"rendered":"<p>Crise sanitaire oblige, le traditionnel carnaval des enfants n&rsquo;a pas eu lieu cette ann\u00e9e. Mais les mamans de l&rsquo; APE n&rsquo;ont pas voulu en rester l\u00e0. Elles ont confectionn\u00e9 des&#8230; <a href=\"http:\/\/commune-loffre.fr\/index.php\/2021\/02\/19\/merci-lape\/\">Read more &raquo;<\/a><\/p>\n","protected":false},"author":1,"featured_media":5571,"comment_status":"closed","ping_status":"closed","sticky":false,"template":"","format":"standard","meta":{"footnotes":""},"categories":[1],"tags":[],"_links":{"self":[{"href":"http:\/\/commune-loffre.fr\/index.php\/wp-json\/wp\/v2\/posts\/5570"}],"collection":[{"href":"http:\/\/commune-loffre.fr\/index.php\/wp-json\/wp\/v2\/posts"}],"about":[{"href":"http:\/\/commune-loffre.fr\/index.php\/wp-json\/wp\/v2\/types\/post"}],"author":[{"embeddable":true,"href":"http:\/\/commune-loffre.fr\/index.php\/wp-json\/wp\/v2\/users\/1"}],"replies":[{"embeddable":true,"href":"http:\/\/commune-loffre.fr\/index.php\/wp-json\/wp\/v2\/comments?post=5570"}],"version-history":[{"count":1,"href":"http:\/\/commune-loffre.fr\/index.php\/wp-json\/wp\/v2\/posts\/5570\/revisions"}],"predecessor-version":[{"id":5572,"href":"http:\/\/commune-loffre.fr\/index.php\/wp-json\/wp\/v2\/posts\/5570\/revisions\/5572"}],"wp:featuredmedia":[{"embeddable":true,"href":"http:\/\/commune-loffre.fr\/index.php\/wp-json\/wp\/v2\/media\/5571"}],"wp:attachment":[{"href":"http:\/\/commune-loffre.fr\/index.php\/wp-json\/wp\/v2\/media?parent=5570"}],"wp:term":[{"taxonomy":"category","embeddable":true,"href":"http:\/\/commune-loffre.fr\/index.php\/wp-json\/wp\/v2\/categories?post=5570"},{"taxonomy":"post_tag","embeddable":true,"href":"http:\/\/commune-loffre.fr\/index.php\/wp-json\/wp\/v2\/tags?post=5570"}],"curies":[{"name":"wp","href":"https:\/\/api.w.org\/{rel}","templated":true}]}}