{"id":5544,"date":"2021-01-13T17:55:26","date_gmt":"2021-01-13T16:55:26","guid":{"rendered":"http:\/\/commune-loffre.fr\/?p=5544"},"modified":"2021-01-18T11:48:19","modified_gmt":"2021-01-18T10:48:19","slug":"voeux-municipaux","status":"publish","type":"post","link":"http:\/\/commune-loffre.fr\/index.php\/2021\/01\/13\/voeux-municipaux\/","title":{"rendered":"V\u0153ux municipaux"},"content":{"rendered":"\n<p>En raison de l\u2019annulation de la traditionnelle r\u00e9ception des v\u0153ux, Le Maire et le Conseil municipal souhaitent par cette communication garder ce contact si pr\u00e9cieux entre les \u00e9lus et la population.<br>\nL\u2019ann\u00e9e 2020 restera singuli\u00e8re et grav\u00e9e dans la m\u00e9moire collective pour longtemps. Nous souhaitons tout d\u2019abord pour chacun d\u2019entre vous et notre commune une ann\u00e9e porteuse d\u2019espoir malgr\u00e9 un avenir encore sem\u00e9 d\u2019incertitudes. <br>\nSur le plan humain, nous savons que chacun continue de subir les cons\u00e9quences de cette crise sanitaire que ce soit par la distance n\u00e9cessaire avec les membres de la famille ou par l\u2019arr\u00eat de l\u2019activit\u00e9 professionnelle ou malheureusement l\u2019annonce particuli\u00e8rement violente de la maladie ou de d\u00e9c\u00e8s de proches.   Notre commune, malgr\u00e9 de nombreux malades, n\u2019a \u00e0 ce jour pas compt\u00e9 de d\u00e9c\u00e8s li\u00e9s \u00e0 la pand\u00e9mie et nous en sommes soulag\u00e9s.<br>\nPour les activit\u00e9s culturelles sportives et festives, 2020 a \u00e9t\u00e9 une ann\u00e9e blanche. Le Conseil Municipal est sensibilis\u00e9 aux r\u00e9percussions sur la p\u00e9rennit\u00e9 des associations qui voient fondre leurs effectifs, parfois la tr\u00e9sorerie mais aussi les r\u00e9percussions sur le lien social vital pour chacun d\u2019entre-nous. Nous formulons l\u2019espoir que la vaccination puisse inverser la tendance et que notre village retrouve ses marques. Rien ne remplace les relations sociales directes et nous prenons en compte ce besoin de se retrouver dans les projets 2021 pour notre commune. <br>\nLe Maire et le Conseil Municipal tiennent \u00e0 remercier les agents municipaux ainsi que les enseignants qui ont \u0153uvr\u00e9 \u00e0 maintenir les services publics au sein de notre commune pendant les confinements, aussi les citoyens qui ont particip\u00e9 b\u00e9n\u00e9volement \u00e0 confectionner et distribuer les masques, ceux qui ont pr\u00eat\u00e9 attention et port\u00e9 des courses aux anciens\u2026et autres services rendus.  <br>\nLes conditions de r\u00e9unions ne facilitent pas la mise en \u0153uvre de notre programme, mais malgr\u00e9 cela nous sommes au travail pour suivre les affaires en cours et pr\u00e9parer les futures r\u00e9alisations et les sujets ne manquent pas. Les chantiers avancent bien, c\u2019est le cas de l\u2019enfouissement des r\u00e9seaux \u00e9lectriques rue du Petit Marais et Petite Rue, de l\u2019am\u00e9nagement de notre place du village, de la plantation d\u2019arbres et arbustes \u00e0 l\u2019entr\u00e9e et \u00e0 l\u2019int\u00e9rieur de la commune.  Dans les prochains jours se poursuivront l\u2019am\u00e9nagement du cheminement pi\u00e9tonnier le long de la place Poulet facilitant l\u2019accessibilit\u00e9 des personnes en situation de handicap puis d\u00e9buteront les travaux d\u2019enfouissement des r\u00e9seaux \u00e9lectriques rue Saint Jean et la cr\u00e9ation d\u2019un cheminement pour pi\u00e9tons rue du Petit Cr\u00e9dit. 2021 verra aussi la finalisation de notre g\u00eete rural et l\u2019arriv\u00e9e de la fibre.<br>\nLe Conseil Municipal porte aussi ses efforts sur la cr\u00e9ation d\u2019un march\u00e9 mensuel de producteurs du territoire qui viendra dynamiser notre centre village et renforcera nos liens. Notre accueil p\u00e9riscolaire continue d\u2019offrir un service de restauration et de garderie, nous mettons en perspective l\u2019ALSH et esp\u00e9rons de tout c\u0153ur voir revivre les festivit\u00e9s en 2021 pour le plaisir de se retrouver.<br>\nSoyons prudents et patients, restez en bonne sant\u00e9 ainsi que vos proches. Le Maire, les conseillers municipaux, adjoints et agents communaux, vous souhaitent une belle et joyeuse ann\u00e9e 2021 en bonne sant\u00e9 !<br>\nA bient\u00f4t !<\/p>\n","protected":false},"excerpt":{"rendered":"<p>En raison de l\u2019annulation de la traditionnelle r\u00e9ception des v\u0153ux, Le Maire et le Conseil municipal souhaitent par cette communication garder ce contact si pr\u00e9cieux entre les \u00e9lus et la&#8230; <a href=\"http:\/\/commune-loffre.fr\/index.php\/2021\/01\/13\/voeux-municipaux\/\">Read more &raquo;<\/a><\/p>\n","protected":false},"author":1,"featured_media":0,"comment_status":"closed","ping_status":"closed","sticky":false,"template":"","format":"standard","meta":{"footnotes":""},"categories":[1],"tags":[],"_links":{"self":[{"href":"http:\/\/commune-loffre.fr\/index.php\/wp-json\/wp\/v2\/posts\/5544"}],"collection":[{"href":"http:\/\/commune-loffre.fr\/index.php\/wp-json\/wp\/v2\/posts"}],"about":[{"href":"http:\/\/commune-loffre.fr\/index.php\/wp-json\/wp\/v2\/types\/post"}],"author":[{"embeddable":true,"href":"http:\/\/commune-loffre.fr\/index.php\/wp-json\/wp\/v2\/users\/1"}],"replies":[{"embeddable":true,"href":"http:\/\/commune-loffre.fr\/index.php\/wp-json\/wp\/v2\/comments?post=5544"}],"version-history":[{"count":2,"href":"http:\/\/commune-loffre.fr\/index.php\/wp-json\/wp\/v2\/posts\/5544\/revisions"}],"predecessor-version":[{"id":5555,"href":"http:\/\/commune-loffre.fr\/index.php\/wp-json\/wp\/v2\/posts\/5544\/revisions\/5555"}],"wp:attachment":[{"href":"http:\/\/commune-loffre.fr\/index.php\/wp-json\/wp\/v2\/media?parent=5544"}],"wp:term":[{"taxonomy":"category","embeddable":true,"href":"http:\/\/commune-loffre.fr\/index.php\/wp-json\/wp\/v2\/categories?post=5544"},{"taxonomy":"post_tag","embeddable":true,"href":"http:\/\/commune-loffre.fr\/index.php\/wp-json\/wp\/v2\/tags?post=5544"}],"curies":[{"name":"wp","href":"https:\/\/api.w.org\/{rel}","templated":true}]}}