{"id":5533,"date":"2020-12-10T16:40:12","date_gmt":"2020-12-10T15:40:12","guid":{"rendered":"http:\/\/commune-loffre.fr\/?p=5533"},"modified":"2020-12-10T16:40:12","modified_gmt":"2020-12-10T15:40:12","slug":"colis-aux-aines","status":"publish","type":"post","link":"http:\/\/commune-loffre.fr\/index.php\/2020\/12\/10\/colis-aux-aines\/","title":{"rendered":"Colis aux a\u00een\u00e9s"},"content":{"rendered":"\n<p>Le dimanche 28 novembre 2020, l&rsquo;\u00e9quipe municipale a distribu\u00e9 les colis aux\na\u00een\u00e9s. Suite aux conditions sanitaires, le repas traditionnel de fin d&rsquo;ann\u00e9e\npour nos a\u00een\u00e9s n&rsquo;a pas eu lieu. La municipalit\u00e9 a voulu n\u00e9anmoins offrir un\npanier gourmand \u00e0 ceux qui le souhaitaient. R\u00e9galez vous.<\/p>\n\n\n\n<ul class=\"wp-block-gallery columns-2 is-cropped wp-block-gallery-1 is-layout-flex wp-block-gallery-is-layout-flex\"><li class=\"blocks-gallery-item\"><figure><img loading=\"lazy\" decoding=\"async\" width=\"1024\" height=\"576\" src=\"http:\/\/commune-loffre.fr\/wp-content\/uploads\/2020\/12\/20201129_105719-1024x576.jpg\" alt=\"\" data-id=\"5534\" data-link=\"http:\/\/commune-loffre.fr\/?attachment_id=5534\" class=\"wp-image-5534\" srcset=\"http:\/\/commune-loffre.fr\/wp-content\/uploads\/2020\/12\/20201129_105719-1024x576.jpg 1024w, http:\/\/commune-loffre.fr\/wp-content\/uploads\/2020\/12\/20201129_105719-300x169.jpg 300w, http:\/\/commune-loffre.fr\/wp-content\/uploads\/2020\/12\/20201129_105719-768x432.jpg 768w, http:\/\/commune-loffre.fr\/wp-content\/uploads\/2020\/12\/20201129_105719-624x351.jpg 624w\" sizes=\"(max-width: 1024px) 100vw, 1024px\" \/><\/figure><\/li><li class=\"blocks-gallery-item\"><figure><img loading=\"lazy\" decoding=\"async\" width=\"1024\" height=\"576\" src=\"http:\/\/commune-loffre.fr\/wp-content\/uploads\/2020\/12\/20201129_105718-1024x576.jpg\" alt=\"\" data-id=\"5535\" data-link=\"http:\/\/commune-loffre.fr\/?attachment_id=5535\" class=\"wp-image-5535\" srcset=\"http:\/\/commune-loffre.fr\/wp-content\/uploads\/2020\/12\/20201129_105718-1024x576.jpg 1024w, http:\/\/commune-loffre.fr\/wp-content\/uploads\/2020\/12\/20201129_105718-300x169.jpg 300w, http:\/\/commune-loffre.fr\/wp-content\/uploads\/2020\/12\/20201129_105718-768x432.jpg 768w, http:\/\/commune-loffre.fr\/wp-content\/uploads\/2020\/12\/20201129_105718-624x351.jpg 624w\" sizes=\"(max-width: 1024px) 100vw, 1024px\" \/><\/figure><\/li><\/ul>\n","protected":false},"excerpt":{"rendered":"<p>Le dimanche 28 novembre 2020, l&rsquo;\u00e9quipe municipale a distribu\u00e9 les colis aux a\u00een\u00e9s. Suite aux conditions sanitaires, le repas traditionnel de fin d&rsquo;ann\u00e9e pour nos a\u00een\u00e9s n&rsquo;a pas eu lieu&#8230;. <a href=\"http:\/\/commune-loffre.fr\/index.php\/2020\/12\/10\/colis-aux-aines\/\">Read more &raquo;<\/a><\/p>\n","protected":false},"author":1,"featured_media":5535,"comment_status":"closed","ping_status":"closed","sticky":false,"template":"","format":"standard","meta":{"footnotes":""},"categories":[1],"tags":[],"_links":{"self":[{"href":"http:\/\/commune-loffre.fr\/index.php\/wp-json\/wp\/v2\/posts\/5533"}],"collection":[{"href":"http:\/\/commune-loffre.fr\/index.php\/wp-json\/wp\/v2\/posts"}],"about":[{"href":"http:\/\/commune-loffre.fr\/index.php\/wp-json\/wp\/v2\/types\/post"}],"author":[{"embeddable":true,"href":"http:\/\/commune-loffre.fr\/index.php\/wp-json\/wp\/v2\/users\/1"}],"replies":[{"embeddable":true,"href":"http:\/\/commune-loffre.fr\/index.php\/wp-json\/wp\/v2\/comments?post=5533"}],"version-history":[{"count":1,"href":"http:\/\/commune-loffre.fr\/index.php\/wp-json\/wp\/v2\/posts\/5533\/revisions"}],"predecessor-version":[{"id":5536,"href":"http:\/\/commune-loffre.fr\/index.php\/wp-json\/wp\/v2\/posts\/5533\/revisions\/5536"}],"wp:featuredmedia":[{"embeddable":true,"href":"http:\/\/commune-loffre.fr\/index.php\/wp-json\/wp\/v2\/media\/5535"}],"wp:attachment":[{"href":"http:\/\/commune-loffre.fr\/index.php\/wp-json\/wp\/v2\/media?parent=5533"}],"wp:term":[{"taxonomy":"category","embeddable":true,"href":"http:\/\/commune-loffre.fr\/index.php\/wp-json\/wp\/v2\/categories?post=5533"},{"taxonomy":"post_tag","embeddable":true,"href":"http:\/\/commune-loffre.fr\/index.php\/wp-json\/wp\/v2\/tags?post=5533"}],"curies":[{"name":"wp","href":"https:\/\/api.w.org\/{rel}","templated":true}]}}