{"id":5528,"date":"2020-11-30T17:18:23","date_gmt":"2020-11-30T16:18:23","guid":{"rendered":"http:\/\/commune-loffre.fr\/?p=5528"},"modified":"2020-11-30T17:18:23","modified_gmt":"2020-11-30T16:18:23","slug":"masques-pour-eleves-de-loffre","status":"publish","type":"post","link":"http:\/\/commune-loffre.fr\/index.php\/2020\/11\/30\/masques-pour-eleves-de-loffre\/","title":{"rendered":"Masques pour \u00e9l\u00e8ves de Loffre"},"content":{"rendered":"\n<p>Le vendredi 22\/11\/20, la Communaut\u00e9 de Communes a offert aux enfants de plus\nde 6 ans scolaris\u00e9s \u00e0 LOFFRE deux masques certifi\u00e9s par l&rsquo;AFNOR et la Direction\nG\u00e9n\u00e9rale de l&rsquo;Armement. Ces masques sont r\u00e9utilisables et lavables jusqu&rsquo;\u00e0 60\nfois. Trois couches de tissu garantissent une efficacit\u00e9 de filtrage des\nparticules sup\u00e9rieure \u00e0 95%.<\/p>\n\n\n\n<p>Le pr\u00e9sident de la CCCO Fr\u00e9d\u00e9ric DELANNOY, le Maire Eric GOUY, les adjoints\net la Pr\u00e9sidente de l&rsquo;APE se sont rendus \u00e0 l&rsquo;\u00e9cole Henri Matisse pour la\ndistribution.<\/p>\n\n\n\n<p>Nous les en remercions.<\/p>\n\n\n\n<ul class=\"wp-block-gallery columns-2 is-cropped wp-block-gallery-1 is-layout-flex wp-block-gallery-is-layout-flex\"><li class=\"blocks-gallery-item\"><figure><img loading=\"lazy\" decoding=\"async\" width=\"1024\" height=\"576\" src=\"http:\/\/commune-loffre.fr\/wp-content\/uploads\/2020\/11\/20201120_142204-1024x576.jpg\" alt=\"\" data-id=\"5529\" data-link=\"http:\/\/commune-loffre.fr\/?attachment_id=5529\" class=\"wp-image-5529\" srcset=\"http:\/\/commune-loffre.fr\/wp-content\/uploads\/2020\/11\/20201120_142204-1024x576.jpg 1024w, http:\/\/commune-loffre.fr\/wp-content\/uploads\/2020\/11\/20201120_142204-300x169.jpg 300w, http:\/\/commune-loffre.fr\/wp-content\/uploads\/2020\/11\/20201120_142204-768x432.jpg 768w, http:\/\/commune-loffre.fr\/wp-content\/uploads\/2020\/11\/20201120_142204-624x351.jpg 624w\" sizes=\"(max-width: 1024px) 100vw, 1024px\" \/><\/figure><\/li><li class=\"blocks-gallery-item\"><figure><img loading=\"lazy\" decoding=\"async\" width=\"1024\" height=\"576\" src=\"http:\/\/commune-loffre.fr\/wp-content\/uploads\/2020\/11\/20201120_142941-1024x576.jpg\" alt=\"\" data-id=\"5530\" data-link=\"http:\/\/commune-loffre.fr\/?attachment_id=5530\" class=\"wp-image-5530\" srcset=\"http:\/\/commune-loffre.fr\/wp-content\/uploads\/2020\/11\/20201120_142941-1024x576.jpg 1024w, http:\/\/commune-loffre.fr\/wp-content\/uploads\/2020\/11\/20201120_142941-300x169.jpg 300w, http:\/\/commune-loffre.fr\/wp-content\/uploads\/2020\/11\/20201120_142941-768x432.jpg 768w, http:\/\/commune-loffre.fr\/wp-content\/uploads\/2020\/11\/20201120_142941-624x351.jpg 624w\" sizes=\"(max-width: 1024px) 100vw, 1024px\" \/><\/figure><\/li><\/ul>\n","protected":false},"excerpt":{"rendered":"<p>Le vendredi 22\/11\/20, la Communaut\u00e9 de Communes a offert aux enfants de plus de 6 ans scolaris\u00e9s \u00e0 LOFFRE deux masques certifi\u00e9s par l&rsquo;AFNOR et la Direction G\u00e9n\u00e9rale de l&rsquo;Armement&#8230;. <a href=\"http:\/\/commune-loffre.fr\/index.php\/2020\/11\/30\/masques-pour-eleves-de-loffre\/\">Read more &raquo;<\/a><\/p>\n","protected":false},"author":1,"featured_media":5529,"comment_status":"closed","ping_status":"closed","sticky":false,"template":"","format":"standard","meta":{"footnotes":""},"categories":[4,20,19],"tags":[],"_links":{"self":[{"href":"http:\/\/commune-loffre.fr\/index.php\/wp-json\/wp\/v2\/posts\/5528"}],"collection":[{"href":"http:\/\/commune-loffre.fr\/index.php\/wp-json\/wp\/v2\/posts"}],"about":[{"href":"http:\/\/commune-loffre.fr\/index.php\/wp-json\/wp\/v2\/types\/post"}],"author":[{"embeddable":true,"href":"http:\/\/commune-loffre.fr\/index.php\/wp-json\/wp\/v2\/users\/1"}],"replies":[{"embeddable":true,"href":"http:\/\/commune-loffre.fr\/index.php\/wp-json\/wp\/v2\/comments?post=5528"}],"version-history":[{"count":1,"href":"http:\/\/commune-loffre.fr\/index.php\/wp-json\/wp\/v2\/posts\/5528\/revisions"}],"predecessor-version":[{"id":5531,"href":"http:\/\/commune-loffre.fr\/index.php\/wp-json\/wp\/v2\/posts\/5528\/revisions\/5531"}],"wp:featuredmedia":[{"embeddable":true,"href":"http:\/\/commune-loffre.fr\/index.php\/wp-json\/wp\/v2\/media\/5529"}],"wp:attachment":[{"href":"http:\/\/commune-loffre.fr\/index.php\/wp-json\/wp\/v2\/media?parent=5528"}],"wp:term":[{"taxonomy":"category","embeddable":true,"href":"http:\/\/commune-loffre.fr\/index.php\/wp-json\/wp\/v2\/categories?post=5528"},{"taxonomy":"post_tag","embeddable":true,"href":"http:\/\/commune-loffre.fr\/index.php\/wp-json\/wp\/v2\/tags?post=5528"}],"curies":[{"name":"wp","href":"https:\/\/api.w.org\/{rel}","templated":true}]}}