{"id":5521,"date":"2020-11-19T00:36:03","date_gmt":"2020-11-18T23:36:03","guid":{"rendered":"http:\/\/commune-loffre.fr\/?p=5521"},"modified":"2020-11-19T00:36:03","modified_gmt":"2020-11-18T23:36:03","slug":"ceremonie-commemorative-de-larmistice","status":"publish","type":"post","link":"http:\/\/commune-loffre.fr\/index.php\/2020\/11\/19\/ceremonie-commemorative-de-larmistice\/","title":{"rendered":"C\u00e9r\u00e9monie comm\u00e9morative de l&rsquo;armistice"},"content":{"rendered":"\n<p>Monsieur le Maire Eric GOUY, Monsieur Jean-Marie CHOEUR pr\u00e9sident de\nl&rsquo;association des anciens combattants, Monsieur Thierry DUPUIS porte drapeau et\nMonsieur Fr\u00e9d\u00e9ric VIREMOUNEIX adjoint aux f\u00eates ont pu participer \u00e0 la\nc\u00e9r\u00e9monie comm\u00e9morative de l&rsquo;armistice.<\/p>\n\n\n\n<p>Nos morts pour la France ont \u00e9t\u00e9 comm\u00e9mor\u00e9s, mais en petit comit\u00e9 comme le 8\nmai dernier. Le plus important est qu&rsquo;il y ait quelqu&rsquo;un pour que nos soldats\nne tombent pas dans l&rsquo;oubli. Les enfants, \u00e0 qui on essaye de transmettre cette\nm\u00e9moire, reviendront l&rsquo;ann\u00e9e prochaine.<\/p>\n\n\n\n<ul class=\"wp-block-gallery columns-1 is-cropped wp-block-gallery-1 is-layout-flex wp-block-gallery-is-layout-flex\"><li class=\"blocks-gallery-item\"><figure><img loading=\"lazy\" decoding=\"async\" width=\"768\" height=\"1024\" src=\"http:\/\/commune-loffre.fr\/wp-content\/uploads\/2020\/11\/IMG_20201111_115638-768x1024.jpg\" alt=\"\" data-id=\"5522\" data-link=\"http:\/\/commune-loffre.fr\/?attachment_id=5522\" class=\"wp-image-5522\" srcset=\"http:\/\/commune-loffre.fr\/wp-content\/uploads\/2020\/11\/IMG_20201111_115638-768x1024.jpg 768w, http:\/\/commune-loffre.fr\/wp-content\/uploads\/2020\/11\/IMG_20201111_115638-225x300.jpg 225w, http:\/\/commune-loffre.fr\/wp-content\/uploads\/2020\/11\/IMG_20201111_115638-624x832.jpg 624w\" sizes=\"(max-width: 768px) 100vw, 768px\" \/><\/figure><\/li><\/ul>\n","protected":false},"excerpt":{"rendered":"<p>Monsieur le Maire Eric GOUY, Monsieur Jean-Marie CHOEUR pr\u00e9sident de l&rsquo;association des anciens combattants, Monsieur Thierry DUPUIS porte drapeau et Monsieur Fr\u00e9d\u00e9ric VIREMOUNEIX adjoint aux f\u00eates ont pu participer \u00e0&#8230; <a href=\"http:\/\/commune-loffre.fr\/index.php\/2020\/11\/19\/ceremonie-commemorative-de-larmistice\/\">Read more &raquo;<\/a><\/p>\n","protected":false},"author":1,"featured_media":5522,"comment_status":"closed","ping_status":"closed","sticky":false,"template":"","format":"standard","meta":{"footnotes":""},"categories":[1],"tags":[],"_links":{"self":[{"href":"http:\/\/commune-loffre.fr\/index.php\/wp-json\/wp\/v2\/posts\/5521"}],"collection":[{"href":"http:\/\/commune-loffre.fr\/index.php\/wp-json\/wp\/v2\/posts"}],"about":[{"href":"http:\/\/commune-loffre.fr\/index.php\/wp-json\/wp\/v2\/types\/post"}],"author":[{"embeddable":true,"href":"http:\/\/commune-loffre.fr\/index.php\/wp-json\/wp\/v2\/users\/1"}],"replies":[{"embeddable":true,"href":"http:\/\/commune-loffre.fr\/index.php\/wp-json\/wp\/v2\/comments?post=5521"}],"version-history":[{"count":1,"href":"http:\/\/commune-loffre.fr\/index.php\/wp-json\/wp\/v2\/posts\/5521\/revisions"}],"predecessor-version":[{"id":5523,"href":"http:\/\/commune-loffre.fr\/index.php\/wp-json\/wp\/v2\/posts\/5521\/revisions\/5523"}],"wp:featuredmedia":[{"embeddable":true,"href":"http:\/\/commune-loffre.fr\/index.php\/wp-json\/wp\/v2\/media\/5522"}],"wp:attachment":[{"href":"http:\/\/commune-loffre.fr\/index.php\/wp-json\/wp\/v2\/media?parent=5521"}],"wp:term":[{"taxonomy":"category","embeddable":true,"href":"http:\/\/commune-loffre.fr\/index.php\/wp-json\/wp\/v2\/categories?post=5521"},{"taxonomy":"post_tag","embeddable":true,"href":"http:\/\/commune-loffre.fr\/index.php\/wp-json\/wp\/v2\/tags?post=5521"}],"curies":[{"name":"wp","href":"https:\/\/api.w.org\/{rel}","templated":true}]}}