{"id":5509,"date":"2020-11-06T21:16:25","date_gmt":"2020-11-06T20:16:25","guid":{"rendered":"http:\/\/commune-loffre.fr\/?p=5509"},"modified":"2020-11-06T21:17:55","modified_gmt":"2020-11-06T20:17:55","slug":"prevention-du-covid-19","status":"publish","type":"post","link":"http:\/\/commune-loffre.fr\/index.php\/2020\/11\/06\/prevention-du-covid-19\/","title":{"rendered":"Pr\u00e9vention du COVID-19"},"content":{"rendered":"\n<p>Le nouveau protocole de pr\u00e9vention du COVID-19 nous est parvenus. Madame\nLarivi\u00e8re et Marie H\u00e9l\u00e8ne ont d\u00fb modifier le mode de fonctionnement de la\ncantine et de la garderie afin de respecter la distanciation et la s\u00e9paration\ndes groupes. D\u00e9sormais, les repas et la garderie se d\u00e9roulent dans deux salles\ndiff\u00e9rentes (le foyer rural et la cantine).Les enfants se sont adapt\u00e9s \u00e0 ce\nnouveau d\u00e9part.<\/p>\n\n\n\n<ul class=\"wp-block-gallery columns-2 is-cropped wp-block-gallery-1 is-layout-flex wp-block-gallery-is-layout-flex\"><li class=\"blocks-gallery-item\"><figure><img loading=\"lazy\" decoding=\"async\" width=\"1024\" height=\"768\" src=\"http:\/\/commune-loffre.fr\/wp-content\/uploads\/2020\/11\/IMG_20201102_110221-1024x768.jpg\" alt=\"\" data-id=\"5510\" data-link=\"http:\/\/commune-loffre.fr\/?attachment_id=5510\" class=\"wp-image-5510\" srcset=\"http:\/\/commune-loffre.fr\/wp-content\/uploads\/2020\/11\/IMG_20201102_110221-1024x768.jpg 1024w, http:\/\/commune-loffre.fr\/wp-content\/uploads\/2020\/11\/IMG_20201102_110221-300x225.jpg 300w, http:\/\/commune-loffre.fr\/wp-content\/uploads\/2020\/11\/IMG_20201102_110221-768x576.jpg 768w, http:\/\/commune-loffre.fr\/wp-content\/uploads\/2020\/11\/IMG_20201102_110221-624x468.jpg 624w, http:\/\/commune-loffre.fr\/wp-content\/uploads\/2020\/11\/IMG_20201102_110221-240x180.jpg 240w\" sizes=\"(max-width: 1024px) 100vw, 1024px\" \/><\/figure><\/li><li class=\"blocks-gallery-item\"><figure><img loading=\"lazy\" decoding=\"async\" width=\"1024\" height=\"768\" src=\"http:\/\/commune-loffre.fr\/wp-content\/uploads\/2020\/11\/IMG_20201102_110229-1024x768.jpg\" alt=\"\" data-id=\"5511\" data-link=\"http:\/\/commune-loffre.fr\/?attachment_id=5511\" class=\"wp-image-5511\" srcset=\"http:\/\/commune-loffre.fr\/wp-content\/uploads\/2020\/11\/IMG_20201102_110229-1024x768.jpg 1024w, http:\/\/commune-loffre.fr\/wp-content\/uploads\/2020\/11\/IMG_20201102_110229-300x225.jpg 300w, http:\/\/commune-loffre.fr\/wp-content\/uploads\/2020\/11\/IMG_20201102_110229-768x576.jpg 768w, http:\/\/commune-loffre.fr\/wp-content\/uploads\/2020\/11\/IMG_20201102_110229-624x468.jpg 624w, http:\/\/commune-loffre.fr\/wp-content\/uploads\/2020\/11\/IMG_20201102_110229-240x180.jpg 240w\" sizes=\"(max-width: 1024px) 100vw, 1024px\" \/><\/figure><\/li><li class=\"blocks-gallery-item\"><figure><img loading=\"lazy\" decoding=\"async\" width=\"1024\" height=\"768\" src=\"http:\/\/commune-loffre.fr\/wp-content\/uploads\/2020\/11\/IMG_20201102_110235-1024x768.jpg\" alt=\"\" data-id=\"5512\" data-link=\"http:\/\/commune-loffre.fr\/?attachment_id=5512\" class=\"wp-image-5512\" srcset=\"http:\/\/commune-loffre.fr\/wp-content\/uploads\/2020\/11\/IMG_20201102_110235-1024x768.jpg 1024w, http:\/\/commune-loffre.fr\/wp-content\/uploads\/2020\/11\/IMG_20201102_110235-300x225.jpg 300w, http:\/\/commune-loffre.fr\/wp-content\/uploads\/2020\/11\/IMG_20201102_110235-768x576.jpg 768w, http:\/\/commune-loffre.fr\/wp-content\/uploads\/2020\/11\/IMG_20201102_110235-624x468.jpg 624w, http:\/\/commune-loffre.fr\/wp-content\/uploads\/2020\/11\/IMG_20201102_110235-240x180.jpg 240w\" sizes=\"(max-width: 1024px) 100vw, 1024px\" \/><\/figure><\/li><\/ul>\n","protected":false},"excerpt":{"rendered":"<p>Le nouveau protocole de pr\u00e9vention du COVID-19 nous est parvenus. Madame Larivi\u00e8re et Marie H\u00e9l\u00e8ne ont d\u00fb modifier le mode de fonctionnement de la cantine et de la garderie afin&#8230; <a href=\"http:\/\/commune-loffre.fr\/index.php\/2020\/11\/06\/prevention-du-covid-19\/\">Read more &raquo;<\/a><\/p>\n","protected":false},"author":1,"featured_media":5514,"comment_status":"closed","ping_status":"closed","sticky":false,"template":"","format":"standard","meta":{"footnotes":""},"categories":[1],"tags":[],"_links":{"self":[{"href":"http:\/\/commune-loffre.fr\/index.php\/wp-json\/wp\/v2\/posts\/5509"}],"collection":[{"href":"http:\/\/commune-loffre.fr\/index.php\/wp-json\/wp\/v2\/posts"}],"about":[{"href":"http:\/\/commune-loffre.fr\/index.php\/wp-json\/wp\/v2\/types\/post"}],"author":[{"embeddable":true,"href":"http:\/\/commune-loffre.fr\/index.php\/wp-json\/wp\/v2\/users\/1"}],"replies":[{"embeddable":true,"href":"http:\/\/commune-loffre.fr\/index.php\/wp-json\/wp\/v2\/comments?post=5509"}],"version-history":[{"count":1,"href":"http:\/\/commune-loffre.fr\/index.php\/wp-json\/wp\/v2\/posts\/5509\/revisions"}],"predecessor-version":[{"id":5513,"href":"http:\/\/commune-loffre.fr\/index.php\/wp-json\/wp\/v2\/posts\/5509\/revisions\/5513"}],"wp:featuredmedia":[{"embeddable":true,"href":"http:\/\/commune-loffre.fr\/index.php\/wp-json\/wp\/v2\/media\/5514"}],"wp:attachment":[{"href":"http:\/\/commune-loffre.fr\/index.php\/wp-json\/wp\/v2\/media?parent=5509"}],"wp:term":[{"taxonomy":"category","embeddable":true,"href":"http:\/\/commune-loffre.fr\/index.php\/wp-json\/wp\/v2\/categories?post=5509"},{"taxonomy":"post_tag","embeddable":true,"href":"http:\/\/commune-loffre.fr\/index.php\/wp-json\/wp\/v2\/tags?post=5509"}],"curies":[{"name":"wp","href":"https:\/\/api.w.org\/{rel}","templated":true}]}}