{"id":5478,"date":"2020-09-10T14:56:11","date_gmt":"2020-09-10T13:56:11","guid":{"rendered":"http:\/\/commune-loffre.fr\/?p=5478"},"modified":"2020-09-10T14:56:11","modified_gmt":"2020-09-10T13:56:11","slug":"garage-a-velo","status":"publish","type":"post","link":"http:\/\/commune-loffre.fr\/index.php\/2020\/09\/10\/garage-a-velo\/","title":{"rendered":"Garage \u00e0 v\u00e9lo"},"content":{"rendered":"\n<ul class=\"wp-block-gallery columns-1 is-cropped wp-block-gallery-1 is-layout-flex wp-block-gallery-is-layout-flex\"><li class=\"blocks-gallery-item\"><figure><img loading=\"lazy\" decoding=\"async\" width=\"1024\" height=\"768\" src=\"http:\/\/commune-loffre.fr\/wp-content\/uploads\/2020\/09\/IMG_20200903_161147-1024x768.jpg\" alt=\"\" data-id=\"5480\" data-link=\"http:\/\/commune-loffre.fr\/?attachment_id=5480\" class=\"wp-image-5480\" srcset=\"http:\/\/commune-loffre.fr\/wp-content\/uploads\/2020\/09\/IMG_20200903_161147-1024x768.jpg 1024w, http:\/\/commune-loffre.fr\/wp-content\/uploads\/2020\/09\/IMG_20200903_161147-300x225.jpg 300w, http:\/\/commune-loffre.fr\/wp-content\/uploads\/2020\/09\/IMG_20200903_161147-768x576.jpg 768w, http:\/\/commune-loffre.fr\/wp-content\/uploads\/2020\/09\/IMG_20200903_161147-624x468.jpg 624w, http:\/\/commune-loffre.fr\/wp-content\/uploads\/2020\/09\/IMG_20200903_161147-240x180.jpg 240w\" sizes=\"(max-width: 1024px) 100vw, 1024px\" \/><\/figure><\/li><\/ul>\n\n\n\n<p>Depuis la rentr\u00e9e, la mairie a investi dans l&rsquo;achat d&rsquo;un garage \u00e0 v\u00e9los\nplac\u00e9 sur le parking de la salle polyvalente.<\/p>\n\n\n\n<p>Certains \u00e9l\u00e8ves en font d\u00e9j\u00e0 bon usage.<\/p>\n\n\n\n<p>Un grand merci \u00e0 monsieur le maire.<\/p>\n","protected":false},"excerpt":{"rendered":"<p>Depuis la rentr\u00e9e, la mairie a investi dans l&rsquo;achat d&rsquo;un garage \u00e0 v\u00e9los plac\u00e9 sur le parking de la salle polyvalente. Certains \u00e9l\u00e8ves en font d\u00e9j\u00e0 bon usage. Un grand&#8230; <a href=\"http:\/\/commune-loffre.fr\/index.php\/2020\/09\/10\/garage-a-velo\/\">Read more &raquo;<\/a><\/p>\n","protected":false},"author":1,"featured_media":0,"comment_status":"closed","ping_status":"closed","sticky":false,"template":"","format":"standard","meta":{"footnotes":""},"categories":[1],"tags":[],"_links":{"self":[{"href":"http:\/\/commune-loffre.fr\/index.php\/wp-json\/wp\/v2\/posts\/5478"}],"collection":[{"href":"http:\/\/commune-loffre.fr\/index.php\/wp-json\/wp\/v2\/posts"}],"about":[{"href":"http:\/\/commune-loffre.fr\/index.php\/wp-json\/wp\/v2\/types\/post"}],"author":[{"embeddable":true,"href":"http:\/\/commune-loffre.fr\/index.php\/wp-json\/wp\/v2\/users\/1"}],"replies":[{"embeddable":true,"href":"http:\/\/commune-loffre.fr\/index.php\/wp-json\/wp\/v2\/comments?post=5478"}],"version-history":[{"count":1,"href":"http:\/\/commune-loffre.fr\/index.php\/wp-json\/wp\/v2\/posts\/5478\/revisions"}],"predecessor-version":[{"id":5481,"href":"http:\/\/commune-loffre.fr\/index.php\/wp-json\/wp\/v2\/posts\/5478\/revisions\/5481"}],"wp:attachment":[{"href":"http:\/\/commune-loffre.fr\/index.php\/wp-json\/wp\/v2\/media?parent=5478"}],"wp:term":[{"taxonomy":"category","embeddable":true,"href":"http:\/\/commune-loffre.fr\/index.php\/wp-json\/wp\/v2\/categories?post=5478"},{"taxonomy":"post_tag","embeddable":true,"href":"http:\/\/commune-loffre.fr\/index.php\/wp-json\/wp\/v2\/tags?post=5478"}],"curies":[{"name":"wp","href":"https:\/\/api.w.org\/{rel}","templated":true}]}}