{"id":5476,"date":"2020-09-04T14:21:36","date_gmt":"2020-09-04T13:21:36","guid":{"rendered":"http:\/\/commune-loffre.fr\/?p=5476"},"modified":"2020-09-10T15:19:15","modified_gmt":"2020-09-10T14:19:15","slug":"reprise-des-activites-associatives","status":"publish","type":"post","link":"http:\/\/commune-loffre.fr\/index.php\/2020\/09\/04\/reprise-des-activites-associatives\/","title":{"rendered":"Reprise des activit\u00e9s Associatives"},"content":{"rendered":"\n<ul class=\"wp-block-gallery columns-1 is-cropped wp-block-gallery-1 is-layout-flex wp-block-gallery-is-layout-flex\"><li class=\"blocks-gallery-item\"><figure><img loading=\"lazy\" decoding=\"async\" width=\"1024\" height=\"768\" src=\"http:\/\/commune-loffre.fr\/wp-content\/uploads\/2020\/09\/IMG_20200831_190739-1024x768.jpg\" alt=\"\" data-id=\"5486\" data-link=\"http:\/\/commune-loffre.fr\/index.php\/2020\/09\/04\/reprise-des-activites-associatives\/img_20200831_190739\/\" class=\"wp-image-5486\" srcset=\"http:\/\/commune-loffre.fr\/wp-content\/uploads\/2020\/09\/IMG_20200831_190739-1024x768.jpg 1024w, http:\/\/commune-loffre.fr\/wp-content\/uploads\/2020\/09\/IMG_20200831_190739-300x225.jpg 300w, http:\/\/commune-loffre.fr\/wp-content\/uploads\/2020\/09\/IMG_20200831_190739-768x576.jpg 768w, http:\/\/commune-loffre.fr\/wp-content\/uploads\/2020\/09\/IMG_20200831_190739-624x468.jpg 624w, http:\/\/commune-loffre.fr\/wp-content\/uploads\/2020\/09\/IMG_20200831_190739-240x180.jpg 240w\" sizes=\"(max-width: 1024px) 100vw, 1024px\" \/><\/figure><\/li><\/ul>\n\n\n\n<p>Le 31 ao\u00fbt 2020 s&rsquo;est tenue la r\u00e9union des associations de la commune dans la salle polyvalente tout en respectant les mesures sanitaires.<br>\nMonsieur le maire a commenc\u00e9 par annoncer le maintien des subventions pour chaque association afin de maintenir une coh\u00e9sion sociale dans le village.<br>\nIl y aura bien reprise des activit\u00e9s avec un protocole sanitaire que chaque pr\u00e9sident de chaque association devra sign\u00e9. Chaque responsable devra s&rsquo;assurer de la d\u00e9sinfection des locaux pr\u00e9t\u00e9s apr\u00e8s chaque utilisation.<br>\nCi-joint le calendrier des reprises des activit\u00e9s :<\/p>\n\n\n\n<pre class=\"wp-block-code\"><code> - la ronde des livres : le 11 septembre 2020 \u00e0 20h,\n - la gymnastique : le 8 septembre 2020 \u00e0 18h45,\n - la marche : le 7 septembre 2020 \u00e0 14h,\n - la country : le 16 septembre 2020,\n - la sophrologie : le 9 septembre 2020,\n - l'atelier m\u00e9moire : le 8 septembre 2020,\n - l'activit\u00e9 physique adapt\u00e9e : le 3 septembre 2020 de 9h \u00e0 10h<\/code><\/pre>\n\n\n\n<p>Nous vous souhaitons une belle rentr\u00e9e.<\/p>\n","protected":false},"excerpt":{"rendered":"<p>Le 31 ao\u00fbt 2020 s&rsquo;est tenue la r\u00e9union des associations de la commune dans la salle polyvalente tout en respectant les mesures sanitaires. Monsieur le maire a commenc\u00e9 par annoncer&#8230; <a href=\"http:\/\/commune-loffre.fr\/index.php\/2020\/09\/04\/reprise-des-activites-associatives\/\">Read more &raquo;<\/a><\/p>\n","protected":false},"author":1,"featured_media":0,"comment_status":"closed","ping_status":"closed","sticky":false,"template":"","format":"standard","meta":{"footnotes":""},"categories":[3],"tags":[],"_links":{"self":[{"href":"http:\/\/commune-loffre.fr\/index.php\/wp-json\/wp\/v2\/posts\/5476"}],"collection":[{"href":"http:\/\/commune-loffre.fr\/index.php\/wp-json\/wp\/v2\/posts"}],"about":[{"href":"http:\/\/commune-loffre.fr\/index.php\/wp-json\/wp\/v2\/types\/post"}],"author":[{"embeddable":true,"href":"http:\/\/commune-loffre.fr\/index.php\/wp-json\/wp\/v2\/users\/1"}],"replies":[{"embeddable":true,"href":"http:\/\/commune-loffre.fr\/index.php\/wp-json\/wp\/v2\/comments?post=5476"}],"version-history":[{"count":3,"href":"http:\/\/commune-loffre.fr\/index.php\/wp-json\/wp\/v2\/posts\/5476\/revisions"}],"predecessor-version":[{"id":5488,"href":"http:\/\/commune-loffre.fr\/index.php\/wp-json\/wp\/v2\/posts\/5476\/revisions\/5488"}],"wp:attachment":[{"href":"http:\/\/commune-loffre.fr\/index.php\/wp-json\/wp\/v2\/media?parent=5476"}],"wp:term":[{"taxonomy":"category","embeddable":true,"href":"http:\/\/commune-loffre.fr\/index.php\/wp-json\/wp\/v2\/categories?post=5476"},{"taxonomy":"post_tag","embeddable":true,"href":"http:\/\/commune-loffre.fr\/index.php\/wp-json\/wp\/v2\/tags?post=5476"}],"curies":[{"name":"wp","href":"https:\/\/api.w.org\/{rel}","templated":true}]}}