{"id":5426,"date":"2020-07-08T17:24:55","date_gmt":"2020-07-08T16:24:55","guid":{"rendered":"http:\/\/commune-loffre.fr\/?p=5426"},"modified":"2020-07-08T17:24:55","modified_gmt":"2020-07-08T16:24:55","slug":"un-accueil-collectif-des-mineurs-acm-intra-muros-et-dans-le-respect-des-regles-sanitaires","status":"publish","type":"post","link":"http:\/\/commune-loffre.fr\/index.php\/2020\/07\/08\/un-accueil-collectif-des-mineurs-acm-intra-muros-et-dans-le-respect-des-regles-sanitaires\/","title":{"rendered":"Un Accueil Collectif des Mineurs (ACM) intra-muros et dans le respect des r\u00e8gles sanitaires"},"content":{"rendered":"\n<p>Le lundi 29 juin en\nsoir\u00e9e, Madame Sylvie LARIVIERE 1<sup>\u00e8re<\/sup> adjointe au Maire a tenu \u00e0\ninviter les parents afin d\u2019\u00e9changer sur l\u2019organisation du Centre A\u00e9r\u00e9 2020. <\/p>\n\n\n\n<p>C\u2019est en ext\u00e9rieur,\nsous le pr\u00e9au de l\u2019\u00e9cole, et apr\u00e8s \u00eatre pass\u00e9s \u00e0 la prise de temp\u00e9rature et au\nlavage des mains que les parents ont \u00e9t\u00e9 re\u00e7us. Cet accueil sera celui r\u00e9serv\u00e9\n\u00e0 chaque enfant inscrit au centre a\u00e9r\u00e9 qui d\u00e9butera ce lundi 06 juillet et se\nterminera le 31 juillet.&nbsp; &nbsp;Consigne avait \u00e9t\u00e9 donn\u00e9e de ne pas venir avec\nles enfants et de restreindre \u00e0 un seul parent par enfant inscrit afin de ne\npas cr\u00e9er un rassemblement en nombre.<\/p>\n\n\n\n<p>Madame LARIVIERE, le\ndernier protocole sanitaire des ACM en mains, insiste aupr\u00e8s des parents sur la\nresponsabilit\u00e9 de la collectivit\u00e9 mais aussi sur la responsabilit\u00e9\nindividuelle. Les parents ne seront pas invit\u00e9s \u00e0 entrer dans les locaux, les\nanimateurs accueilleront les enfants selon les groupes \u00e0 des portes\ndiff\u00e9rentes. Il est demand\u00e9 aux parents de ne pas rester devant les grilles\nafin d\u2019\u00e9viter les attroupements et d\u2019\u00eatre \u00e0 l\u2019heure.&nbsp; La temp\u00e9rature sera v\u00e9rifi\u00e9e pour chaque\nenfant \u00e0 son arriv\u00e9e, plusieurs fois par jour seront r\u00e9alis\u00e9s le nettoyage des\nmains ainsi que le nettoyage au virucide des locaux, des poign\u00e9es de porte, des\ntables et chaises, du mat\u00e9riel p\u00e9dagogique et des sols.<\/p>\n\n\n\n<p>Avant l\u2019inscription\nde leur enfant, les parents ont \u00e9t\u00e9 inform\u00e9s que le centre a\u00e9r\u00e9 se d\u00e9roulerait uniquement\nsur le territoire de la commune, aucune sortie \u00e0 l\u2019ext\u00e9rieur du village comme\nc\u2019\u00e9tait le cas les autres ann\u00e9es ne sera organis\u00e9e, ni de grands jeux\ninter-groupes puisque le protocole sanitaire en vigueur (<em>derni\u00e8re version mise \u00e0 jour le 18 juin 2020<\/em>) limite toujours les\ncroisements de groupes.&nbsp; Par contre\naucune r\u00e8gle de distanciation physique ne s\u2019impose au sein d\u2019un m\u00eame groupe que\nce soit dans la salle ou en ext\u00e9rieur. La distanciation s\u2019applique par contre\nentre les mineurs et les encadrants lorsqu\u2019ils sont dans un endroit clos. <\/p>\n\n\n\n<p>Les repas seront\namen\u00e9s par les enfants et se prendront dans leur salle d\u2019activit\u00e9. <\/p>\n\n\n\n<p>La 1<sup>\u00e8re<\/sup>\nadjointe au Maire et l\u2019\u00e9quipe d\u2019animation pr\u00e9sente au complet, assurent que des\nactivit\u00e9s vari\u00e9es et innovantes ont \u00e9t\u00e9 pr\u00e9vues pour faire passer un beau mois\nde juillet aux mineurs. L\u2019ACM 2020 redeviendra pour une ann\u00e9e plus traditionnel\net permettra d\u2019explorer les rues du village et la campagne environnante.<\/p>\n","protected":false},"excerpt":{"rendered":"<p>Le lundi 29 juin en soir\u00e9e, Madame Sylvie LARIVIERE 1\u00e8re adjointe au Maire a tenu \u00e0 inviter les parents afin d\u2019\u00e9changer sur l\u2019organisation du Centre A\u00e9r\u00e9 2020. C\u2019est en ext\u00e9rieur,&#8230; <a href=\"http:\/\/commune-loffre.fr\/index.php\/2020\/07\/08\/un-accueil-collectif-des-mineurs-acm-intra-muros-et-dans-le-respect-des-regles-sanitaires\/\">Read more &raquo;<\/a><\/p>\n","protected":false},"author":1,"featured_media":0,"comment_status":"closed","ping_status":"closed","sticky":false,"template":"","format":"standard","meta":{"footnotes":""},"categories":[1],"tags":[],"_links":{"self":[{"href":"http:\/\/commune-loffre.fr\/index.php\/wp-json\/wp\/v2\/posts\/5426"}],"collection":[{"href":"http:\/\/commune-loffre.fr\/index.php\/wp-json\/wp\/v2\/posts"}],"about":[{"href":"http:\/\/commune-loffre.fr\/index.php\/wp-json\/wp\/v2\/types\/post"}],"author":[{"embeddable":true,"href":"http:\/\/commune-loffre.fr\/index.php\/wp-json\/wp\/v2\/users\/1"}],"replies":[{"embeddable":true,"href":"http:\/\/commune-loffre.fr\/index.php\/wp-json\/wp\/v2\/comments?post=5426"}],"version-history":[{"count":1,"href":"http:\/\/commune-loffre.fr\/index.php\/wp-json\/wp\/v2\/posts\/5426\/revisions"}],"predecessor-version":[{"id":5427,"href":"http:\/\/commune-loffre.fr\/index.php\/wp-json\/wp\/v2\/posts\/5426\/revisions\/5427"}],"wp:attachment":[{"href":"http:\/\/commune-loffre.fr\/index.php\/wp-json\/wp\/v2\/media?parent=5426"}],"wp:term":[{"taxonomy":"category","embeddable":true,"href":"http:\/\/commune-loffre.fr\/index.php\/wp-json\/wp\/v2\/categories?post=5426"},{"taxonomy":"post_tag","embeddable":true,"href":"http:\/\/commune-loffre.fr\/index.php\/wp-json\/wp\/v2\/tags?post=5426"}],"curies":[{"name":"wp","href":"https:\/\/api.w.org\/{rel}","templated":true}]}}