{"id":5395,"date":"2020-06-16T18:37:31","date_gmt":"2020-06-16T17:37:31","guid":{"rendered":"http:\/\/commune-loffre.fr\/?p=5395"},"modified":"2020-06-16T18:58:45","modified_gmt":"2020-06-16T17:58:45","slug":"annulation-de-la-fete-du-village-le-week-end-du-29-et-30-aout","status":"publish","type":"post","link":"http:\/\/commune-loffre.fr\/index.php\/2020\/06\/16\/annulation-de-la-fete-du-village-le-week-end-du-29-et-30-aout\/","title":{"rendered":"Annulation de la f\u00eate du village  le week-end du 29 et 30 ao\u00fbt"},"content":{"rendered":"\n<p>Les mesures\ngouvernementales prises dans le cadre de la lutte contre l\u2019\u00e9pid\u00e9mie du Covid-19\ninterdisent l\u2019organisation de rassemblements et rendent donc impossible de\npr\u00e9voir l\u2019organisation de la f\u00eate du village. &nbsp;Le\nMaire et le conseil municipal se sont donc r\u00e9solus \u00e0 officialiser l\u2019annulation\nde l\u2019\u00e9dition 2020 de la brocante et la soir\u00e9e dansante. La sant\u00e9 de nos concitoyens\net la s\u00e9curit\u00e9 de chacun sont notre priorit\u00e9.<\/p>\n\n\n\n<p>Une brocante,\nune soir\u00e9e, ce sont des serres-mains, des accolades, des rassemblements de plus\nde 10 personnes, des \u00e9changes de monnaie, d\u2019objets qui sont source de\ncontamination. La f\u00eate du village 2020\nn&rsquo;aura donc pas lieu et nous le regrettons. <\/p>\n\n\n\n<h2 class=\"wp-block-heading\"><strong>Nous proposons toutefois de conserver un moment de convivialit\u00e9 autour des animations \u00ab&nbsp;<em>concours des maisons fleuries<\/em>&nbsp;\u00bb et \u00ab&nbsp;nos jardins ont du talent&nbsp;\u00bb. <\/strong><\/h2>\n\n\n\n<p>Cette animation se d\u00e9roulera le dimanche\n30 ao\u00fbt \u00e0 11h00 \u00e0 l\u2019ext\u00e9rieur, dans le respect des gestes barri\u00e8re et de la\ndistanciation physique. <strong><\/strong><\/p>\n\n\n\n<blockquote class=\"wp-block-quote is-style-default\"><p><strong>Embellissons notre village&nbsp;!<\/strong><\/p><\/blockquote>\n\n\n\n<p>La commune de LOFFRE et l\u2019Association\n\u00ab&nbsp;La Brigade Verte de LOFFRE&nbsp;\u00bb organisent le 2<sup>\u00e8me<\/sup> concours\ndes maisons fleuries<\/p>\n\n\n\n<p><strong>Inscriptions \u00e0 d\u00e9poser en mairie avant le 04 juillet<\/strong>, <a href=\"http:\/\/commune-loffre.fr\/wp-content\/uploads\/2020\/06\/Reglement-Maisons-fleuries.pdf\">R\u00e8glement ici<\/a><\/p>\n\n\n\n<p>Remise des prix le dimanche 30 ao\u00fbt<\/p>\n\n\n\n<p>5 plants de fleurs seront offerts par\nla commune \u00e0 chaque inscription<\/p>\n\n\n\n<blockquote class=\"wp-block-quote is-style-default\"><p><strong>Vos jardins ont du talent&nbsp;!<\/strong><\/p><\/blockquote>\n\n\n\n<p>Participez au<strong>3<sup>\u00e8me<\/sup> concours<\/strong> des jardiniers\net venez (au choix) avec&nbsp;:<\/p>\n\n\n\n<ul><li>Votre\nbelle <strong>citrouille d\u00e9guis\u00e9e<\/strong>, <\/li><li>Votre\nmerveilleux panier garni de <strong>l\u00e9gumes<\/strong>\nvari\u00e9s <\/li><li>Votre\npanier garni d\u2019herbes<strong> aromatiques<\/strong><\/li><li>Votre\njoli bouquet<strong> de fleurs du jardin <\/strong><\/li><\/ul>\n\n\n\n<p><strong>Les\nproduits de la vente seront revers\u00e9s int\u00e9gralement \u00e0 l\u2019Association\n\u00ab&nbsp;Autisme 59-62&nbsp;\u00bb<\/strong><\/p>\n\n\n\n<figure class=\"wp-block-image\"><img loading=\"lazy\" decoding=\"async\" width=\"725\" height=\"1024\" src=\"http:\/\/commune-loffre.fr\/wp-content\/uploads\/2020\/06\/concours-725x1024.jpg\" alt=\"\" class=\"wp-image-5398\" srcset=\"http:\/\/commune-loffre.fr\/wp-content\/uploads\/2020\/06\/concours-725x1024.jpg 725w, http:\/\/commune-loffre.fr\/wp-content\/uploads\/2020\/06\/concours-212x300.jpg 212w, http:\/\/commune-loffre.fr\/wp-content\/uploads\/2020\/06\/concours-768x1085.jpg 768w, http:\/\/commune-loffre.fr\/wp-content\/uploads\/2020\/06\/concours-624x882.jpg 624w, http:\/\/commune-loffre.fr\/wp-content\/uploads\/2020\/06\/concours.jpg 1241w\" sizes=\"(max-width: 725px) 100vw, 725px\" \/><\/figure>\n","protected":false},"excerpt":{"rendered":"<p>Les mesures gouvernementales prises dans le cadre de la lutte contre l\u2019\u00e9pid\u00e9mie du Covid-19 interdisent l\u2019organisation de rassemblements et rendent donc impossible de pr\u00e9voir l\u2019organisation de la f\u00eate du village&#8230;. <a href=\"http:\/\/commune-loffre.fr\/index.php\/2020\/06\/16\/annulation-de-la-fete-du-village-le-week-end-du-29-et-30-aout\/\">Read more &raquo;<\/a><\/p>\n","protected":false},"author":1,"featured_media":0,"comment_status":"closed","ping_status":"closed","sticky":false,"template":"","format":"standard","meta":{"footnotes":""},"categories":[1],"tags":[],"_links":{"self":[{"href":"http:\/\/commune-loffre.fr\/index.php\/wp-json\/wp\/v2\/posts\/5395"}],"collection":[{"href":"http:\/\/commune-loffre.fr\/index.php\/wp-json\/wp\/v2\/posts"}],"about":[{"href":"http:\/\/commune-loffre.fr\/index.php\/wp-json\/wp\/v2\/types\/post"}],"author":[{"embeddable":true,"href":"http:\/\/commune-loffre.fr\/index.php\/wp-json\/wp\/v2\/users\/1"}],"replies":[{"embeddable":true,"href":"http:\/\/commune-loffre.fr\/index.php\/wp-json\/wp\/v2\/comments?post=5395"}],"version-history":[{"count":8,"href":"http:\/\/commune-loffre.fr\/index.php\/wp-json\/wp\/v2\/posts\/5395\/revisions"}],"predecessor-version":[{"id":5406,"href":"http:\/\/commune-loffre.fr\/index.php\/wp-json\/wp\/v2\/posts\/5395\/revisions\/5406"}],"wp:attachment":[{"href":"http:\/\/commune-loffre.fr\/index.php\/wp-json\/wp\/v2\/media?parent=5395"}],"wp:term":[{"taxonomy":"category","embeddable":true,"href":"http:\/\/commune-loffre.fr\/index.php\/wp-json\/wp\/v2\/categories?post=5395"},{"taxonomy":"post_tag","embeddable":true,"href":"http:\/\/commune-loffre.fr\/index.php\/wp-json\/wp\/v2\/tags?post=5395"}],"curies":[{"name":"wp","href":"https:\/\/api.w.org\/{rel}","templated":true}]}}