{"id":5392,"date":"2020-06-16T18:33:49","date_gmt":"2020-06-16T17:33:49","guid":{"rendered":"http:\/\/commune-loffre.fr\/?p=5392"},"modified":"2020-06-16T18:33:49","modified_gmt":"2020-06-16T17:33:49","slug":"les-masques-de-la-region-hauts-de-france-seront-distribues-dans-la-semaine-du-20-juin","status":"publish","type":"post","link":"http:\/\/commune-loffre.fr\/index.php\/2020\/06\/16\/les-masques-de-la-region-hauts-de-france-seront-distribues-dans-la-semaine-du-20-juin\/","title":{"rendered":"Les masques de la R\u00e9gion Hauts de France seront distribu\u00e9s dans la semaine du 20 juin"},"content":{"rendered":"\n<p><\/p>\n\n\n\n<p>Notre commune vient de\nrecevoir les masques offerts par La R\u00e9gion <\/p>\n\n\n\n<p>Chaque habitant ou famille est convi\u00e9(e) \u00e0 venir en mairie retirer un\nmasque pour tout loffrien \u00e0 partir de 11 ans<\/p>\n\n\n\n<p>3 cr\u00e9neaux vous sont\npropos\u00e9s&nbsp;:<\/p>\n\n\n\n<ul><li>Le samedi 20 juin entre 10h00 et 11h00 <\/li><li>Le mercredi 24 juin entre 14h00 et 15h00<\/li><li>Le vendredi 26 juin entre 10h00 et 11h00<\/li><\/ul>\n\n\n\n<p>Nous vous remercions de\nvous munir d\u2019un justificatif de domicile et d\u2019un justificatif reprenant le nombre\nde personnes vivant dans votre foyer <\/p>\n","protected":false},"excerpt":{"rendered":"<p>Notre commune vient de recevoir les masques offerts par La R\u00e9gion Chaque habitant ou famille est convi\u00e9(e) \u00e0 venir en mairie retirer un masque pour tout loffrien \u00e0 partir de&#8230; <a href=\"http:\/\/commune-loffre.fr\/index.php\/2020\/06\/16\/les-masques-de-la-region-hauts-de-france-seront-distribues-dans-la-semaine-du-20-juin\/\">Read more &raquo;<\/a><\/p>\n","protected":false},"author":1,"featured_media":5393,"comment_status":"closed","ping_status":"closed","sticky":false,"template":"","format":"standard","meta":{"footnotes":""},"categories":[1],"tags":[],"_links":{"self":[{"href":"http:\/\/commune-loffre.fr\/index.php\/wp-json\/wp\/v2\/posts\/5392"}],"collection":[{"href":"http:\/\/commune-loffre.fr\/index.php\/wp-json\/wp\/v2\/posts"}],"about":[{"href":"http:\/\/commune-loffre.fr\/index.php\/wp-json\/wp\/v2\/types\/post"}],"author":[{"embeddable":true,"href":"http:\/\/commune-loffre.fr\/index.php\/wp-json\/wp\/v2\/users\/1"}],"replies":[{"embeddable":true,"href":"http:\/\/commune-loffre.fr\/index.php\/wp-json\/wp\/v2\/comments?post=5392"}],"version-history":[{"count":1,"href":"http:\/\/commune-loffre.fr\/index.php\/wp-json\/wp\/v2\/posts\/5392\/revisions"}],"predecessor-version":[{"id":5394,"href":"http:\/\/commune-loffre.fr\/index.php\/wp-json\/wp\/v2\/posts\/5392\/revisions\/5394"}],"wp:featuredmedia":[{"embeddable":true,"href":"http:\/\/commune-loffre.fr\/index.php\/wp-json\/wp\/v2\/media\/5393"}],"wp:attachment":[{"href":"http:\/\/commune-loffre.fr\/index.php\/wp-json\/wp\/v2\/media?parent=5392"}],"wp:term":[{"taxonomy":"category","embeddable":true,"href":"http:\/\/commune-loffre.fr\/index.php\/wp-json\/wp\/v2\/categories?post=5392"},{"taxonomy":"post_tag","embeddable":true,"href":"http:\/\/commune-loffre.fr\/index.php\/wp-json\/wp\/v2\/tags?post=5392"}],"curies":[{"name":"wp","href":"https:\/\/api.w.org\/{rel}","templated":true}]}}