{"id":5375,"date":"2020-05-28T17:06:58","date_gmt":"2020-05-28T16:06:58","guid":{"rendered":"http:\/\/commune-loffre.fr\/?p=5375"},"modified":"2020-05-28T17:06:58","modified_gmt":"2020-05-28T16:06:58","slug":"loffre-election-du-maire-et-des-adjoints","status":"publish","type":"post","link":"http:\/\/commune-loffre.fr\/index.php\/2020\/05\/28\/loffre-election-du-maire-et-des-adjoints\/","title":{"rendered":"LOFFRE \u2013 \u00c9lection du Maire et des adjoints \u2013"},"content":{"rendered":"\n<p>LOFFRE \u2013 \u00c9lection du Maire et des adjoints \u2013<\/p>\n\n\n\n<p>Ce lundi 25 mai en soir\u00e9e, au vu du respect des\nmesures barri\u00e8re dues \u00e0 la crise sanitaire, les 15&nbsp;conseillers municipaux\n\u00e9lus au 1<sup>er<\/sup>&nbsp;tour ont pris place avec des mesures de\ndistanciation dans la salle polyvalente du village. Les conseillers n\u2019avaient\npas choisi la formule du huit clos mais ont suivi les recommandations du haut\nconseil scientifique en invitant un public r\u00e9duit. Monsieur CH\u0152UR ancien maire,\nun journaliste et la secr\u00e9taire de mairie ont assist\u00e9 en fond de salle et \u00e0\ndistance \u00e0 ce premier conseil ouvert par Eric GOUY, maire sortant, qui a\nensuite pass\u00e9 le relais \u00e0 Alain SROGA, doyen des \u00e9lus, pour proc\u00e9der \u00e0\nl\u2019\u00e9lection du nouveau maire.&nbsp;<strong>C\u2019est\nsans surprise qu\u2019\u00c9ric GOUY a \u00e9t\u00e9 \u00e9lu Maire<\/strong><strong>, \u00e0 l\u2019unanimit\u00e9. Le Maire aura la gestion&nbsp;<\/strong>des&nbsp;travaux, de l\u2019urbanisme, des finances et la\ngestion du Personnel.&nbsp;<strong>&nbsp;&nbsp;<\/strong><strong>Ont suivi les \u00e9lections des adjoints tous \u00e9lus \u00e0\nbulletin secret au 1<sup>er<\/sup>&nbsp;tour&nbsp;:&nbsp;&nbsp;1<sup>er<\/sup>&nbsp;Adjointe<\/strong>&nbsp;Sylvie\nLARIVIERE pour les Affaires sociales et culturelles et d\u00e9l\u00e9gu\u00e9e \u00e0 la\nCCCO.&nbsp;<strong>2<sup>\u00e8me<\/sup>&nbsp;Adjoint<\/strong>&nbsp;Alain\nSROGA&nbsp;\u00e0 l\u2019environnement, les sports et suppl\u00e9ant \u00e0 la CCCO.&nbsp;<strong>3<sup>\u00e8me<\/sup>&nbsp;Adjointe<\/strong>&nbsp;Ren\u00e9e\nPLAISANT&nbsp;pour la communication et les affaires scolaires.&nbsp;<strong>4<sup>\u00e8me<\/sup>&nbsp;Adjoint<\/strong>&nbsp;Fr\u00e9d\u00e9ric\nVIREMOUNEIX&nbsp;aux f\u00eates, comm\u00e9morations, c\u00e9r\u00e9monies, et milieu associatif.<\/p>\n\n\n\n<ul class=\"wp-block-gallery columns-1 is-cropped wp-block-gallery-1 is-layout-flex wp-block-gallery-is-layout-flex\"><li class=\"blocks-gallery-item\"><figure><img loading=\"lazy\" decoding=\"async\" width=\"1024\" height=\"768\" src=\"http:\/\/commune-loffre.fr\/wp-content\/uploads\/2020\/05\/IMG_2923-1024x768.jpg\" alt=\"\" data-id=\"5376\" data-link=\"http:\/\/commune-loffre.fr\/?attachment_id=5376\" class=\"wp-image-5376\" srcset=\"http:\/\/commune-loffre.fr\/wp-content\/uploads\/2020\/05\/IMG_2923-1024x768.jpg 1024w, http:\/\/commune-loffre.fr\/wp-content\/uploads\/2020\/05\/IMG_2923-300x225.jpg 300w, http:\/\/commune-loffre.fr\/wp-content\/uploads\/2020\/05\/IMG_2923-768x576.jpg 768w, http:\/\/commune-loffre.fr\/wp-content\/uploads\/2020\/05\/IMG_2923-624x468.jpg 624w, http:\/\/commune-loffre.fr\/wp-content\/uploads\/2020\/05\/IMG_2923-240x180.jpg 240w\" sizes=\"(max-width: 1024px) 100vw, 1024px\" \/><\/figure><\/li><\/ul>\n","protected":false},"excerpt":{"rendered":"<p>LOFFRE \u2013 \u00c9lection du Maire et des adjoints \u2013 Ce lundi 25 mai en soir\u00e9e, au vu du respect des mesures barri\u00e8re dues \u00e0 la crise sanitaire, les 15&nbsp;conseillers municipaux&#8230; <a href=\"http:\/\/commune-loffre.fr\/index.php\/2020\/05\/28\/loffre-election-du-maire-et-des-adjoints\/\">Read more &raquo;<\/a><\/p>\n","protected":false},"author":1,"featured_media":5377,"comment_status":"closed","ping_status":"closed","sticky":false,"template":"","format":"standard","meta":{"footnotes":""},"categories":[1],"tags":[],"_links":{"self":[{"href":"http:\/\/commune-loffre.fr\/index.php\/wp-json\/wp\/v2\/posts\/5375"}],"collection":[{"href":"http:\/\/commune-loffre.fr\/index.php\/wp-json\/wp\/v2\/posts"}],"about":[{"href":"http:\/\/commune-loffre.fr\/index.php\/wp-json\/wp\/v2\/types\/post"}],"author":[{"embeddable":true,"href":"http:\/\/commune-loffre.fr\/index.php\/wp-json\/wp\/v2\/users\/1"}],"replies":[{"embeddable":true,"href":"http:\/\/commune-loffre.fr\/index.php\/wp-json\/wp\/v2\/comments?post=5375"}],"version-history":[{"count":1,"href":"http:\/\/commune-loffre.fr\/index.php\/wp-json\/wp\/v2\/posts\/5375\/revisions"}],"predecessor-version":[{"id":5378,"href":"http:\/\/commune-loffre.fr\/index.php\/wp-json\/wp\/v2\/posts\/5375\/revisions\/5378"}],"wp:featuredmedia":[{"embeddable":true,"href":"http:\/\/commune-loffre.fr\/index.php\/wp-json\/wp\/v2\/media\/5377"}],"wp:attachment":[{"href":"http:\/\/commune-loffre.fr\/index.php\/wp-json\/wp\/v2\/media?parent=5375"}],"wp:term":[{"taxonomy":"category","embeddable":true,"href":"http:\/\/commune-loffre.fr\/index.php\/wp-json\/wp\/v2\/categories?post=5375"},{"taxonomy":"post_tag","embeddable":true,"href":"http:\/\/commune-loffre.fr\/index.php\/wp-json\/wp\/v2\/tags?post=5375"}],"curies":[{"name":"wp","href":"https:\/\/api.w.org\/{rel}","templated":true}]}}